{"id":199130,"date":"2025-06-23T21:19:08","date_gmt":"2025-06-23T21:19:08","guid":{"rendered":"https:\/\/www.europesays.com\/fr\/199130\/"},"modified":"2025-06-23T21:19:08","modified_gmt":"2025-06-23T21:19:08","slug":"une-expertise-perenne-au-service-des-nanceiens","status":"publish","type":"post","link":"https:\/\/www.europesays.com\/fr\/199130\/","title":{"rendered":"une expertise p\u00e9renne au service des Nanc\u00e9iens"},"content":{"rendered":"<p>Opticien \u00e0 NANCY CENTRE depuis 1990, MARIE ALIX COLIN a transf\u00e9r\u00e9 son magasin au Point Central en association avec la coop\u00e9rative ATOL depuis plus de 20 ans.<\/p>\n<p>Avec un savoir-faire et une notori\u00e9t\u00e9 connus et\u00a0 reconnus, MARIE ALIX COLIN (entreprise familiale) r\u00e9f\u00e9rent local de sant\u00e9, apporte son expertise en mati\u00e8re de suivi de la sant\u00e9 visuelle et de bien-\u00eatre des clients. Ce magasin traite l&rsquo;optique, la contactologie, la basse vision&#8230; au plus proche de ses clients.<\/p>\n<p>Parfaitement polyvalente, l&rsquo;\u00e9quipe accompagne chacun du premier conseil jusqu&rsquo;\u00e0 la livraison finale, en boutique comme \u00e0 domicile (sur rendez-vous).<\/p>\n<p>Le montage des verres est r\u00e9alis\u00e9 sur place, avec une exigence constante et 100\u00a0% de r\u00e9ussite quant \u00e0 l&rsquo;adaptation des progressifs. Le client repart <strong>satisfait&#8230; ou satisfait\u00a0<\/strong>!<\/p>\n<p>Quant aux montures, ici, pas de standardisation\u00a0! Vous y trouverez des mod\u00e8les de la marque ATOL ainsi que des marques comme Rayban, Persol, Moncler&#8230;. et de couturiers (Saint-Laurent, Dolce&amp;Gabanna, MaxMara&#8230;). S&rsquo;y ajoutent des cr\u00e9ations souvent Made in France choisies par MARIE ALIX COLIN pour leur originalit\u00e9 et leur qualit\u00e9. \u00ab\u00a0Un choix rigoureux est fait parmi les fabricants avec une attention particuli\u00e8re port\u00e9e \u00e0 la qualit\u00e9 de leur service apr\u00e8s-vente\u00a0\u00bb, assure l&rsquo;opticien.<\/p>\n<p>  <strong>-50\u00a0% sur vos \u00e9quipements compl\u00e9mentaires<\/strong><\/p>\n<p>C\u00f4t\u00e9 verriers, MARIE ALIX COLIN fait confiance \u00e0 ZEISS ( r\u00e9f\u00e9rence internationale pour la qualit\u00e9 optique de ses verres&#8230;) et offre, en ce moment m\u00eame, 50\u00a0% de remise sur les \u00e9quipements compl\u00e9mentaires \u00e9quip\u00e9s de verres ZEISS*. N&rsquo;attendez plus\u00a0! Vous avez tout l&rsquo;\u00e9t\u00e9 pour changer de lunettes.<\/p>\n<p>\u00a0<strong>*voir modalit\u00e9s en magasin<\/strong><\/p>\n","protected":false},"excerpt":{"rendered":"Opticien \u00e0 NANCY CENTRE depuis 1990, MARIE ALIX COLIN a transf\u00e9r\u00e9 son magasin au Point Central en association&hellip;\n","protected":false},"author":2,"featured_media":199131,"comment_status":"","ping_status":"","sticky":false,"template":"","format":"standard","meta":{"footnotes":""},"categories":[9635],"tags":[1111,11,7884,1777,674,1011,27,775,1702,12,25],"class_list":{"0":"post-199130","1":"post","2":"type-post","3":"status-publish","4":"format-standard","5":"has-post-thumbnail","7":"category-nancy","8":"tag-actu","9":"tag-actualites","10":"tag-articles-partenaires","11":"tag-eu","12":"tag-europe","13":"tag-fr","14":"tag-france","15":"tag-grand-est","16":"tag-nancy","17":"tag-news","18":"tag-republique-francaise"},"share_on_mastodon":{"url":"https:\/\/pubeurope.com\/@fr\/114734770785341317","error":""},"_links":{"self":[{"href":"https:\/\/www.europesays.com\/fr\/wp-json\/wp\/v2\/posts\/199130","targetHints":{"allow":["GET"]}}],"collection":[{"href":"https:\/\/www.europesays.com\/fr\/wp-json\/wp\/v2\/posts"}],"about":[{"href":"https:\/\/www.europesays.com\/fr\/wp-json\/wp\/v2\/types\/post"}],"author":[{"embeddable":true,"href":"https:\/\/www.europesays.com\/fr\/wp-json\/wp\/v2\/users\/2"}],"replies":[{"embeddable":true,"href":"https:\/\/www.europesays.com\/fr\/wp-json\/wp\/v2\/comments?post=199130"}],"version-history":[{"count":0,"href":"https:\/\/www.europesays.com\/fr\/wp-json\/wp\/v2\/posts\/199130\/revisions"}],"wp:featuredmedia":[{"embeddable":true,"href":"https:\/\/www.europesays.com\/fr\/wp-json\/wp\/v2\/media\/199131"}],"wp:attachment":[{"href":"https:\/\/www.europesays.com\/fr\/wp-json\/wp\/v2\/media?parent=199130"}],"wp:term":[{"taxonomy":"category","embeddable":true,"href":"https:\/\/www.europesays.com\/fr\/wp-json\/wp\/v2\/categories?post=199130"},{"taxonomy":"post_tag","embeddable":true,"href":"https:\/\/www.europesays.com\/fr\/wp-json\/wp\/v2\/tags?post=199130"}],"curies":[{"name":"wp","href":"https:\/\/api.w.org\/{rel}","templated":true}]}}