{"id":199143,"date":"2025-06-23T21:26:12","date_gmt":"2025-06-23T21:26:12","guid":{"rendered":"https:\/\/www.europesays.com\/fr\/199143\/"},"modified":"2025-06-23T21:26:12","modified_gmt":"2025-06-23T21:26:12","slug":"le-celebre-cabaret-des-enfants-terribles-va-atteindre-un-nombre-record-de-representations","status":"publish","type":"post","link":"https:\/\/www.europesays.com\/fr\/199143\/","title":{"rendered":"le c\u00e9l\u00e8bre cabaret des Enfants Terribles va atteindre un nombre record de repr\u00e9sentations"},"content":{"rendered":"<p>            Par<br \/>\n        <strong><br \/>\n            <a href=\"https:\/\/actu.fr\/auteur\/le-journal-delbeuf\" title=\"Consulter tous les articles de R\u00e9daction Elbeuf\" target=\"_blank\" rel=\"noopener\">R\u00e9daction Elbeuf<\/a><br \/>\n        <\/strong><\/p>\n<p>        Publi\u00e9 le<\/p>\n<p>            23 juin 2025 \u00e0 21h16        <\/p>\n<p>Voil\u00e0 bient\u00f4t 17\u00a0ans que le <b>cabaret des Enfants Terribles<\/b> rayonne autour d\u2019<a href=\"https:\/\/actu.fr\/normandie\/elbeuf_76231\" target=\"_blank\" rel=\"noopener\">Elbeuf (Seine-Maritime)<\/a> et bien au-del\u00e0. Mais \u00e0 l\u2019\u00e9poque, qui aurait pu parier sur le fait que qu\u2019une v\u00e9tuste b\u00e2tisse, successivement occup\u00e9e par le Journal d\u2019Elbeuf ou une pizzeria, deviendrait une r\u00e9f\u00e9rence dans le petit monde du divertissement en Normandie\u2009?<\/p>\n<p class=\" wall-content\">Surtout, lorsque l\u2019on sait que le cabaret se trouve au beau milieu d\u2019un quartier populaire, pas forc\u00e9ment ouvert au d\u00e9part \u00e0 la culture du <b>cabaret <\/b>et du <b>transformisme<\/b>.<\/p>\n<p>Du four \u00e0 pizza \u00e0 la sc\u00e8ne<\/p>\n<p class=\" wall-content\">Apr\u00e8s toutes ces ann\u00e9es, William, plus connu sous les traits de son personnage Betty Balcon, appara\u00eet comme l\u2019un des symboles de cette <b>r\u00e9ussite<\/b>. Et il para\u00eet encore lui-m\u00eame surpris par ce succ\u00e8s, \u00e0 quelques jours de f\u00eater la <b>2000e repr\u00e9sentation.<\/b><\/p>\n<blockquote class=\"ac-article-quote wall-content\">\n<p>On se dit qu\u2019on est sur la 17e ann\u00e9e\u2009! C\u2019est quand m\u00eame pas mal pour un cabaret transformiste \u00e0 Elbeuf. C\u2019\u00e9tait un sacr\u00e9 challenge de l\u2019ouvrir dans une ancienne pizzeria. Qui l\u2019e\u00fbt cru\u2009?<\/p>\n<p>Betty Balcon, transformiste aux Enfants Terribles<\/p><\/blockquote>\n<p class=\" wall-content\">Un sentiment partag\u00e9 \u00e0 l\u2019identique par le magn\u00e9tique Hubert, transformiste au per\u00e7ant regard azur\u00e9en, pr\u00e9sent aux Enfants Terribles depuis sa cr\u00e9ation. \u00ab\u2009Moi, je n\u2019ai pas vu le temps passer. On ne r\u00e9alise m\u00eame pas que c\u2019est la 2000e. Il y a une vraie fiert\u00e9, c\u2019est certain\u2009! Je me revois encore performer au d\u00e9but, pas loin du four \u00e0 pizza\u2009\u00bb, se rem\u00e9more-t-il \u00e9mu.<\/p>\n<p>R\u00e9sister aux nouveaut\u00e9s<\/p>\n<p class=\" wall-content\">Depuis trois ans, il y a eu un <b>changement sociologique<\/b> notable, voire une certaine fascination pour l\u2019art du \u00ab\u2009drag\u2009\u00bb et la sc\u00e8ne underground des nuits parisiennes. Un <b>engouement <\/b>notamment port\u00e9 par le ph\u00e9nom\u00e8ne t\u00e9l\u00e9visuel Ru Paul Drag Race, tout droit d\u00e9barqu\u00e9 des \u00c9tats-Unis. Au point que certains, p\u00e9tris de certitudes, proph\u00e9tisaient le d\u00e9clin des artistes transformistes. Grossi\u00e8re erreur de jugement\u2009!<\/p>\n<p>Vid\u00e9os : en ce moment sur Actu<\/p>\n<p class=\" wall-content\">Car pendant que les audiences du programme s\u2019effritent, l\u2019art du transformisme, lui, semble bel et bien r\u00e9sister aux attraits de la nouveaut\u00e9. \u00ab\u2009Avec tout le respect que nous avons pour les artistes Drag, ce n\u2019est pas le m\u00eame m\u00e9tier. Le transformiste va se pr\u00e9senter sur sc\u00e8ne devant un public. Et le spectateur aura cette magie o\u00f9 pendant quelques minutes, il va voir un artiste qu\u2019il admire et qu\u2019il ne pourra pas voir d\u2019aussi pr\u00e8s.\u2009\u00bb<\/p>\n<p>Le transformisme, un art noble<\/p>\n<p class=\" wall-content\">En r\u00e9ponse aux <b>clich\u00e9s <\/b>tenaces encore f\u00e2cheusement accol\u00e9s au m\u00e9tier de transformiste, les quatre artistes aux multiples talents l\u2019imposent comme un art respectable et exigeant. Comme l\u2019estime le talentueux Philippe, alias Golda Shower \u00e0 la sc\u00e8ne, une performance sur le plateau ne peut avoir de sens qu\u2019\u00e0 la condition d\u2019\u00e9prouver de l\u2019admiration \u00e0 l\u2019\u00e9gard de la personnalit\u00e9 imit\u00e9e.<\/p>\n<blockquote class=\"ac-article-quote wall-content\">\n<p>C\u2019est un \u00e9norme investissement sur tous les plans, mais quand on voit un artiste qu\u2019on aime et qu\u2019on admire, on le fait avec g\u00e9n\u00e9rosit\u00e9. Il faut aimer la personne que l\u2019on imite et surtout que \u00e7a vienne du c\u0153ur.<\/p>\n<p>Golda Shower, transformiste aux Enfants Terribles<\/p><\/blockquote>\n<p class=\" wall-content\">Car une fois d\u00e9v\u00eatus de leurs \u00e9clatants apparats de strass, de <b>plumes <\/b>et de <b>paillettes<\/b>, ces intransigeants performeurs sont toujours aussi touch\u00e9s d\u00e8s que leur performance est salu\u00e9e par le public. Ce dernier, \u00e0 coup s\u00fbr, saura leur rendre comme il se doit leur g\u00e9n\u00e9rosit\u00e9 lors de leur 2000e repr\u00e9sentation, le samedi 28\u00a0juin 2025.<\/p>\n<p class=\" wall-content\">Suivez toute l\u2019actualit\u00e9 de vos villes et m\u00e9dias favoris en vous inscrivant \u00e0 <a href=\"https:\/\/moncompte.actu.fr\" title=\"D\u00e9couvez Mon Actu\" rel=\"nofollow noopener\" data-trk=\"{&quot;cta&quot;:{&quot;action&quot;:&quot;https:\\\/\\\/moncompte.actu.fr&quot;,&quot;category&quot;:&quot;mon compte&quot;,&quot;from&quot;:&quot;article footer&quot;,&quot;name&quot;:&quot;Mon actu&quot;,&quot;type&quot;:&quot;cta&quot;}}\" target=\"_blank\">Mon Actu<\/a>.<\/p>\n","protected":false},"excerpt":{"rendered":"Par R\u00e9daction Elbeuf Publi\u00e9 le 23 juin 2025 \u00e0 21h16 Voil\u00e0 bient\u00f4t 17\u00a0ans que le cabaret des Enfants&hellip;\n","protected":false},"author":2,"featured_media":199144,"comment_status":"","ping_status":"","sticky":false,"template":"","format":"standard","meta":{"footnotes":""},"categories":[9587],"tags":[1111,11,1777,674,1011,27,12,5161,25,9590,104,853],"class_list":{"0":"post-199143","1":"post","2":"type-post","3":"status-publish","4":"format-standard","5":"has-post-thumbnail","7":"category-rouen","8":"tag-actu","9":"tag-actualites","10":"tag-eu","11":"tag-europe","12":"tag-fr","13":"tag-france","14":"tag-news","15":"tag-normandie","16":"tag-republique-francaise","17":"tag-rouen","18":"tag-societe","19":"tag-spectacles"},"share_on_mastodon":{"url":"https:\/\/pubeurope.com\/@fr\/114734798184271083","error":""},"_links":{"self":[{"href":"https:\/\/www.europesays.com\/fr\/wp-json\/wp\/v2\/posts\/199143","targetHints":{"allow":["GET"]}}],"collection":[{"href":"https:\/\/www.europesays.com\/fr\/wp-json\/wp\/v2\/posts"}],"about":[{"href":"https:\/\/www.europesays.com\/fr\/wp-json\/wp\/v2\/types\/post"}],"author":[{"embeddable":true,"href":"https:\/\/www.europesays.com\/fr\/wp-json\/wp\/v2\/users\/2"}],"replies":[{"embeddable":true,"href":"https:\/\/www.europesays.com\/fr\/wp-json\/wp\/v2\/comments?post=199143"}],"version-history":[{"count":0,"href":"https:\/\/www.europesays.com\/fr\/wp-json\/wp\/v2\/posts\/199143\/revisions"}],"wp:featuredmedia":[{"embeddable":true,"href":"https:\/\/www.europesays.com\/fr\/wp-json\/wp\/v2\/media\/199144"}],"wp:attachment":[{"href":"https:\/\/www.europesays.com\/fr\/wp-json\/wp\/v2\/media?parent=199143"}],"wp:term":[{"taxonomy":"category","embeddable":true,"href":"https:\/\/www.europesays.com\/fr\/wp-json\/wp\/v2\/categories?post=199143"},{"taxonomy":"post_tag","embeddable":true,"href":"https:\/\/www.europesays.com\/fr\/wp-json\/wp\/v2\/tags?post=199143"}],"curies":[{"name":"wp","href":"https:\/\/api.w.org\/{rel}","templated":true}]}}