{"id":199168,"date":"2025-06-23T21:39:11","date_gmt":"2025-06-23T21:39:11","guid":{"rendered":"https:\/\/www.europesays.com\/fr\/199168\/"},"modified":"2025-06-23T21:39:11","modified_gmt":"2025-06-23T21:39:11","slug":"a-toulouse-purpan-cultive-lexperience-etudiants","status":"publish","type":"post","link":"https:\/\/www.europesays.com\/fr\/199168\/","title":{"rendered":"A Toulouse, Purpan cultive \u00ab l\u2019exp\u00e9rience \u00e9tudiants \u00bb"},"content":{"rendered":"<p>\u00c0 Purpan, derri\u00e8re l\u2019\u00e9cole d\u2019ing\u00e9nieurs agronomes, un nouveau b\u00e2timent sort de terre. Il comprendra deux amphith\u00e9\u00e2tres, quatre salles de TP et huit de cours, sur 2500 m\u00e8tres carr\u00e9s, soit un investissement de 8 millions d\u2019euros pour am\u00e9liorer \u00ab\u00a0l\u2019exp\u00e9rience \u00e9tudiants\u00a0\u00bb. Car leur nombre a bondi\u00a0: de 900 \u00e9l\u00e8ves en 2019 \u00e0 1650 cette ann\u00e9e. Le personnel a lui aussi doubl\u00e9 et, parmi les habitants de l\u2019\u00e9cole, il ne faudrait pas oublier les g\u00e9nisses qui viennent d\u00e9sormais p\u00e2turer \u00e0 Toulouse, petit \u00e9chantillon visible du troupeau de vaches laiti\u00e8res domicili\u00e9 \u00e0 l\u2019ann\u00e9e dans l\u2019exploitation agricole de Lamothe, au sud de la ville. Mais \u00ab\u00a0l\u2019\u00e9cole du vivant\u00a0\u00bb a fini de grandir, du moins pour le moment. D\u2019autres d\u00e9fis r\u00e9clament toute son attention.<\/p>\n<p>Un double-dipl\u00f4me en germination<\/p>\n<p>La d\u00e9saffection des jeunes pour les mati\u00e8res scientifiques, cons\u00e9quence des r\u00e9formes Blanquer qui ont fait fondre les heures de sciences de la vie et de la Terre (SVT) au lyc\u00e9e, commence \u00e0 se faire sentir\u00a0: \u00ab\u00a0Le rapport aux sciences se distend\u00a0\u00bb, observe Eric Latg\u00e9, directeur de l\u2019EI Purpan, qui pointe une baisse des candidatures depuis deux ans et se pose la question de \u00ab\u00a0renforcer la remise \u00e0 niveau dans les sciences dures\u00a0\u00bb au cours des premi\u00e8res ann\u00e9es d\u2019\u00e9tudes. Pour autant, l\u2019\u00e9tablissement centenaire n\u2019a pas de difficult\u00e9s \u00e0 remplir ses classes et la motivation des \u00e9tudiants &#8211; ou plut\u00f4t des \u00e9tudiantes qui repr\u00e9sentent 60\u00a0% des \u00e9l\u00e8ves &#8211; demeure intacte. \u00ab\u00a0On a cette chance d\u2019\u00eatre un cursus porteur de sens. Les jeunes arrivent avec une sensibilit\u00e9 \u00e0 la nature, \u00e0 nous de leur faire d\u00e9couvrir nos fili\u00e8res, qui couvrent plus de 300 m\u00e9tiers\u00a0\u00bb, souligne le directeur. Il voit en chacun de ses \u00e9tudiants un \u00ab\u00a0potentiel germinatif\u00a0\u00bb \u00e0 d\u00e9velopper, pour lui permettre de comprendre le monde et de mieux le fa\u00e7onner. En parall\u00e8le, l\u2019\u00e9cole mise sur la recherche. R\u00e9cemment devenu \u00ab\u00a0\u00e9tablissement-composante\u00a0\u00bb de l\u2019Universit\u00e9 de Toulouse (anciennement Paul-Sabatier), Purpan esp\u00e8re que ce rapprochement b\u00e9n\u00e9ficiera \u00e0 ses soixante-quinze enseignants-chercheurs. \u00ab\u00a0Cela va faciliter les \u00e9changes, cr\u00e9er de l\u2019\u00e9mulation et nous donner plus de poids pour aller chercher des financements\u00a0\u00bb, estime Eric Latg\u00e9.<\/p>\n<p>C\u00f4t\u00e9 formation, un double-dipl\u00f4me avec Sciences Po Toulouse est en pr\u00e9paration pour 2026, mani\u00e8re de \u00ab\u00a0former les d\u00e9cideurs de demain aux sciences agricoles\u00a0\u00bb, alors que la souverainet\u00e9 alimentaire et la transition \u00e9cologique se placent au c\u0153ur des enjeux. \u00ab\u00a0Il faut remettre l\u2019agriculture au centre de la soci\u00e9t\u00e9, mais en s\u2019appuyant sur d\u2019autres ressorts que par le pass\u00e9. Et puis, dans le contexte actuel, si on veut croire en l\u2019avenir, on doit croire dans la formation\u00a0\u00bb, conclut philosophiquement le directeur.<br class=\"autobr\"\/><br \/>\nMarie-Dominique Lacour<\/p>\n<p>Sur la photo\u00a0: Eric Latg\u00e9, directeur de l\u2019EI Purpan. Photo H\u00e9l\u00e8ne Ressayres &#8211; ToulEmploi.<\/p>\n","protected":false},"excerpt":{"rendered":"\u00c0 Purpan, derri\u00e8re l\u2019\u00e9cole d\u2019ing\u00e9nieurs agronomes, un nouveau b\u00e2timent sort de terre. Il comprendra deux amphith\u00e9\u00e2tres, quatre salles&hellip;\n","protected":false},"author":2,"featured_media":199169,"comment_status":"","ping_status":"","sticky":false,"template":"","format":"standard","meta":{"footnotes":""},"categories":[2816],"tags":[1111,11,327,5825,33877,33878,4854,1777,674,1119,1011,27,12,2680,25,2312],"class_list":{"0":"post-199168","1":"post","2":"type-post","3":"status-publish","4":"format-standard","5":"has-post-thumbnail","7":"category-toulouse","8":"tag-actu","9":"tag-actualites","10":"tag-agriculture","11":"tag-agroalimentaire","12":"tag-agronomie","13":"tag-ecole-dingenieurs-de-purpan","14":"tag-enseignement-superieur","15":"tag-eu","16":"tag-europe","17":"tag-formation","18":"tag-fr","19":"tag-france","20":"tag-news","21":"tag-occitanie","22":"tag-republique-francaise","23":"tag-toulouse"},"share_on_mastodon":{"url":"https:\/\/pubeurope.com\/@fr\/114734849342162060","error":""},"_links":{"self":[{"href":"https:\/\/www.europesays.com\/fr\/wp-json\/wp\/v2\/posts\/199168","targetHints":{"allow":["GET"]}}],"collection":[{"href":"https:\/\/www.europesays.com\/fr\/wp-json\/wp\/v2\/posts"}],"about":[{"href":"https:\/\/www.europesays.com\/fr\/wp-json\/wp\/v2\/types\/post"}],"author":[{"embeddable":true,"href":"https:\/\/www.europesays.com\/fr\/wp-json\/wp\/v2\/users\/2"}],"replies":[{"embeddable":true,"href":"https:\/\/www.europesays.com\/fr\/wp-json\/wp\/v2\/comments?post=199168"}],"version-history":[{"count":0,"href":"https:\/\/www.europesays.com\/fr\/wp-json\/wp\/v2\/posts\/199168\/revisions"}],"wp:featuredmedia":[{"embeddable":true,"href":"https:\/\/www.europesays.com\/fr\/wp-json\/wp\/v2\/media\/199169"}],"wp:attachment":[{"href":"https:\/\/www.europesays.com\/fr\/wp-json\/wp\/v2\/media?parent=199168"}],"wp:term":[{"taxonomy":"category","embeddable":true,"href":"https:\/\/www.europesays.com\/fr\/wp-json\/wp\/v2\/categories?post=199168"},{"taxonomy":"post_tag","embeddable":true,"href":"https:\/\/www.europesays.com\/fr\/wp-json\/wp\/v2\/tags?post=199168"}],"curies":[{"name":"wp","href":"https:\/\/api.w.org\/{rel}","templated":true}]}}