{"id":199188,"date":"2025-06-23T21:50:19","date_gmt":"2025-06-23T21:50:19","guid":{"rendered":"https:\/\/www.europesays.com\/fr\/199188\/"},"modified":"2025-06-23T21:50:19","modified_gmt":"2025-06-23T21:50:19","slug":"fete-de-la-musique-a-paris-la-ville-encore-jonchee-de-dechets-malgre-toute-lanticipation-du-monde","status":"publish","type":"post","link":"https:\/\/www.europesays.com\/fr\/199188\/","title":{"rendered":"F\u00eate de la musique \u00e0 Paris\u00a0: la ville encore jonch\u00e9e de d\u00e9chets \u00ab\u00a0malgr\u00e9 toute l\u2019anticipation du monde\u00a0\u00bb"},"content":{"rendered":"<p class=\"paragraph text_align_left lp-f-body-02\">Bris de verres sous les roues des voitures et des v\u00e9los, caniveaux d\u00e9bordant de d\u00e9chets, bouteilles en plastique et canettes \u00e9cras\u00e9es sur la chauss\u00e9e\u2026 Deux jours apr\u00e8s, les rues de Paris peinent encore \u00e0 se remettre de <a href=\"https:\/\/www.leparisien.fr\/paris-75\/fete-de-la-musique-a-paris-six-personnes-poignardees-onze-femmes-se-disent-victimes-de-piqures-22-06-2025-4C6SH2UIWFFGTCONEFPDMZA6BY.php\" target=\"_blank\" rel=\"noreferrer nofollow noopener\">la F\u00eate de la Musique<\/a>. \u00c0 pied d\u2019\u0153uvre depuis samedi soir, les agents de propret\u00e9 n\u2019ont pas encore pu venir \u00e0 bout des amoncellements de d\u00e9chets, ni de l\u2019odeur d\u2019urine qui marque certaines rues.<\/p>\n<p class=\"paragraph text_align_left lp-f-body-02\">Des Abbesses (XVIIIe) \u00e0 Bastille (XIe) en passant par le Marais (IVe), les quais de Seine et le Quartier Latin (Ve), des centaines de milliers de personnes ont investi la capitale pour une \u00e9dition qui restera dans les m\u00e9moires comme l\u2019une des plus festives et des plus denses.<\/p>\n","protected":false},"excerpt":{"rendered":"Bris de verres sous les roues des voitures et des v\u00e9los, caniveaux d\u00e9bordant de d\u00e9chets, bouteilles en plastique&hellip;\n","protected":false},"author":2,"featured_media":199189,"comment_status":"","ping_status":"","sticky":false,"template":"","format":"standard","meta":{"footnotes":""},"categories":[1888],"tags":[1111,1928,11,1927,1777,674,1011,27,1944,12,1926,626,1925,25],"class_list":{"0":"post-199188","1":"post","2":"type-post","3":"status-publish","4":"format-standard","5":"has-post-thumbnail","7":"category-paris","8":"tag-actu","9":"tag-actu-paris","10":"tag-actualites","11":"tag-actualites-paris","12":"tag-eu","13":"tag-europe","14":"tag-fr","15":"tag-france","16":"tag-ma-ville","17":"tag-news","18":"tag-news-paris","19":"tag-paris","20":"tag-paris-news","21":"tag-republique-francaise"},"share_on_mastodon":{"url":"https:\/\/pubeurope.com\/@fr\/114734892836211309","error":""},"_links":{"self":[{"href":"https:\/\/www.europesays.com\/fr\/wp-json\/wp\/v2\/posts\/199188","targetHints":{"allow":["GET"]}}],"collection":[{"href":"https:\/\/www.europesays.com\/fr\/wp-json\/wp\/v2\/posts"}],"about":[{"href":"https:\/\/www.europesays.com\/fr\/wp-json\/wp\/v2\/types\/post"}],"author":[{"embeddable":true,"href":"https:\/\/www.europesays.com\/fr\/wp-json\/wp\/v2\/users\/2"}],"replies":[{"embeddable":true,"href":"https:\/\/www.europesays.com\/fr\/wp-json\/wp\/v2\/comments?post=199188"}],"version-history":[{"count":0,"href":"https:\/\/www.europesays.com\/fr\/wp-json\/wp\/v2\/posts\/199188\/revisions"}],"wp:featuredmedia":[{"embeddable":true,"href":"https:\/\/www.europesays.com\/fr\/wp-json\/wp\/v2\/media\/199189"}],"wp:attachment":[{"href":"https:\/\/www.europesays.com\/fr\/wp-json\/wp\/v2\/media?parent=199188"}],"wp:term":[{"taxonomy":"category","embeddable":true,"href":"https:\/\/www.europesays.com\/fr\/wp-json\/wp\/v2\/categories?post=199188"},{"taxonomy":"post_tag","embeddable":true,"href":"https:\/\/www.europesays.com\/fr\/wp-json\/wp\/v2\/tags?post=199188"}],"curies":[{"name":"wp","href":"https:\/\/api.w.org\/{rel}","templated":true}]}}