{"id":199204,"date":"2025-06-23T21:58:10","date_gmt":"2025-06-23T21:58:10","guid":{"rendered":"https:\/\/www.europesays.com\/fr\/199204\/"},"modified":"2025-06-23T21:58:10","modified_gmt":"2025-06-23T21:58:10","slug":"toyota-gr-corolla-bientot-en-europe","status":"publish","type":"post","link":"https:\/\/www.europesays.com\/fr\/199204\/","title":{"rendered":"Toyota GR Corolla, bient\u00f4t en Europe ?"},"content":{"rendered":"<p><strong>Auto &#8211; Commercialis\u00e9e depuis 2022 sur certains march\u00e9s, la \u00ab hot hatch \u00bb de Toyota pourrait profiter de sa mise \u00e0 jour pour aussi conqu\u00e9rir l\u2019Europe<\/strong><\/p>\n<p>Sur un march\u00e9 automobile europ\u00e9en o\u00f9 l\u2019exc\u00e8s de CO\u2082 est s\u00e9v\u00e8rement r\u00e9primand\u00e9 par les autorit\u00e9s, les constructeurs surveillent leur moyenne de tr\u00e8s pr\u00e8s. C\u2019est l\u2019une des raisons de la disparition progressive des compactes sportives, par d\u00e9finition plus polluantes. C\u2019est pour \u00e7a aussi que Toyota ne commercialise sa petite GR Yaris en Europe qu\u2019au compte-gouttes, et n\u2019a jamais lanc\u00e9 chez nous son autre \u00ab hot hatch \u00bb, la <a href=\"https:\/\/www.20minutes.fr\/economie\/auto\/3265159-20220404-toyota-gr-corolla-deux-trois?at_medium=RSS%20feed&amp;at_campaign=ynews&amp;utm_source=yahoo&amp;utm_medium=rss&amp;utm_campaign=news_feed&amp;utm_content=in_article_link\" rel=\"nofollow noopener\" target=\"_blank\" data-ylk=\"slk:GR Corolla;elm:context_link;itc:0;sec:content-canvas\" class=\"link \">GR Corolla<\/a>.<\/p>\n<p>Mais selon des rumeurs persistantes, le constructeur pourrait changer cela en 2026, avec la version mise \u00e0 jour de la voiture.<\/p>\n<p>Made in UK<\/p>\n<p>L\u2019une des raisons qui le font croire est que Toyota se pr\u00e9pare \u00e0 d\u00e9marrer la production de la GR Corolla sur un second site. Pour le moment, elle n\u2019est fabriqu\u00e9e qu\u2019au <a href=\"https:\/\/www.20minutes.fr\/dossier\/japon?at_medium=RSS%20feed&amp;at_campaign=ynews&amp;utm_source=yahoo&amp;utm_medium=rss&amp;utm_campaign=news_feed&amp;utm_content=in_article_link\" rel=\"nofollow noopener\" target=\"_blank\" data-ylk=\"slk:Japon;elm:context_link;itc:0;sec:content-canvas\" class=\"link \">Japon<\/a>, d\u2019o\u00f9 elle part principalement pour les USA, mais aussi pour l\u2019Australie, l\u2019Afrique du Sud, le Br\u00e9sil, etc. D\u00e8s 2026, le mod\u00e8le sera aussi fabriqu\u00e9\u2026 en <a href=\"https:\/\/www.20minutes.fr\/dossier\/angleterre?at_medium=RSS%20feed&amp;at_campaign=ynews&amp;utm_source=yahoo&amp;utm_medium=rss&amp;utm_campaign=news_feed&amp;utm_content=in_article_link\" rel=\"nofollow noopener\" target=\"_blank\" data-ylk=\"slk:Angleterre;elm:context_link;itc:0;sec:content-canvas\" class=\"link \">Angleterre<\/a>, cela pour r\u00e9duire les temps d\u2019attente pour une voiture manifestement tr\u00e8s populaire. Du coup, donc, la commercialisation en <a href=\"https:\/\/www.20minutes.fr\/dossier\/europe?at_medium=RSS%20feed&amp;at_campaign=ynews&amp;utm_source=yahoo&amp;utm_medium=rss&amp;utm_campaign=news_feed&amp;utm_content=in_article_link\" rel=\"nofollow noopener\" target=\"_blank\" data-ylk=\"slk:Europe;elm:context_link;itc:0;sec:content-canvas\" class=\"link \">Europe<\/a> serait envisag\u00e9e.<\/p>\n<p><img decoding=\"async\" class=\"caas-img caas-lazy has-preview\" alt=\"[object Object]\" src=\"https:\/\/www.europesays.com\/fr\/wp-content\/uploads\/2025\/06\/62a436720eb2d6def3ad85ed215e72dd.jpeg\"\/><\/p>\n<p>[object Object]<\/p>\n<p>Pour info, la GR Corolla utilise le m\u00eame moteur enrag\u00e9 que la Yaris, \u00e0 savoir un 3 cylindres 1,6 litre. Il est ici aussi associ\u00e9 \u00e0 la transmission 4 roues motrices, qui se partagent 305 ch. C\u2019\u00e9tait 30 de plus que la GR Yaris, jusqu\u2019\u00e0 la mise \u00e0 jour de cette derni\u00e8re. Elle est pass\u00e9e \u00e0 305 ch \u00e0 l\u2019occasion de sa r\u00e9cente mise \u00e0 jour, on s\u2019attend donc \u00e0 ce que la Corolla gagne elle aussi un peu de puissance. Mais ne nous emballons pas, ca(&#8230;)<\/p>\n<p><a href=\"https:\/\/www.20minutes.fr\/auto\/4159971-20250623-toyota-gr-corolla-bientot-europe?at_medium=RSS%20feed&amp;at_campaign=ynews&amp;utm_source=yahoo&amp;utm_medium=rss&amp;utm_campaign=news_feed&amp;utm_content=read_more_link&quot;\" rel=\"nofollow noopener\" target=\"_blank\" data-ylk=\"slk:Lire la suite sur 20minutes;elm:context_link;itc:0;sec:content-canvas\" class=\"link \">Lire la suite sur 20minutes<\/a><\/p>\n<p>\u00c0 lire aussi :<br \/><a href=\"https:\/\/www.20minutes.fr\/auto\/4152463-20250509-toyota-corolla-cross-facelift-finition-gr-sport-toujours-france?at_medium=RSS%20feed&amp;at_campaign=ynews&amp;utm_source=yahoo&amp;utm_medium=rss&amp;utm_campaign=news_feed&amp;utm_content=related_content_link\" rel=\"nofollow noopener\" target=\"_blank\" data-ylk=\"slk:Toyota Corolla Cross\u00a0: Un facelift, une finition GR Sport, mais toujours pas en France;elm:context_link;itc:0;sec:content-canvas\" class=\"link \">Toyota Corolla Cross\u00a0: Un facelift, une finition GR Sport, mais toujours pas en France<\/a><br \/><a href=\"https:\/\/www.20minutes.fr\/auto\/4156926-20250605-toyota-mini-land-cruiser-bientot?at_medium=RSS%20feed&amp;at_campaign=ynews&amp;utm_source=yahoo&amp;utm_medium=rss&amp;utm_campaign=news_feed&amp;utm_content=related_content_link\" rel=\"nofollow noopener\" target=\"_blank\" data-ylk=\"slk:Le Toyota \u00ab\u00a0mini-Land Cruiser\u00a0\u00bb est pour bient\u00f4t;elm:context_link;itc:0;sec:content-canvas\" class=\"link \">Le Toyota \u00ab\u00a0mini-Land Cruiser\u00a0\u00bb est pour bient\u00f4t<\/a><\/p>\n","protected":false},"excerpt":{"rendered":"Auto &#8211; Commercialis\u00e9e depuis 2022 sur certains march\u00e9s, la \u00ab hot hatch \u00bb de Toyota pourrait profiter de&hellip;\n","protected":false},"author":2,"featured_media":199205,"comment_status":"","ping_status":"","sticky":false,"template":"","format":"standard","meta":{"footnotes":""},"categories":[1586],"tags":[11,33881,1777,674,1011,27,33882,8947,12,33883,25,20239],"class_list":{"0":"post-199204","1":"post","2":"type-post","3":"status-publish","4":"format-standard","5":"has-post-thumbnail","7":"category-europe","8":"tag-actualites","9":"tag-corolla","10":"tag-eu","11":"tag-europe","12":"tag-fr","13":"tag-france","14":"tag-hot-hatch","15":"tag-mise-a-jour","16":"tag-news","17":"tag-pas-en-france","18":"tag-republique-francaise","19":"tag-toyota"},"share_on_mastodon":{"url":"https:\/\/pubeurope.com\/@fr\/114734924064052764","error":""},"_links":{"self":[{"href":"https:\/\/www.europesays.com\/fr\/wp-json\/wp\/v2\/posts\/199204","targetHints":{"allow":["GET"]}}],"collection":[{"href":"https:\/\/www.europesays.com\/fr\/wp-json\/wp\/v2\/posts"}],"about":[{"href":"https:\/\/www.europesays.com\/fr\/wp-json\/wp\/v2\/types\/post"}],"author":[{"embeddable":true,"href":"https:\/\/www.europesays.com\/fr\/wp-json\/wp\/v2\/users\/2"}],"replies":[{"embeddable":true,"href":"https:\/\/www.europesays.com\/fr\/wp-json\/wp\/v2\/comments?post=199204"}],"version-history":[{"count":0,"href":"https:\/\/www.europesays.com\/fr\/wp-json\/wp\/v2\/posts\/199204\/revisions"}],"wp:featuredmedia":[{"embeddable":true,"href":"https:\/\/www.europesays.com\/fr\/wp-json\/wp\/v2\/media\/199205"}],"wp:attachment":[{"href":"https:\/\/www.europesays.com\/fr\/wp-json\/wp\/v2\/media?parent=199204"}],"wp:term":[{"taxonomy":"category","embeddable":true,"href":"https:\/\/www.europesays.com\/fr\/wp-json\/wp\/v2\/categories?post=199204"},{"taxonomy":"post_tag","embeddable":true,"href":"https:\/\/www.europesays.com\/fr\/wp-json\/wp\/v2\/tags?post=199204"}],"curies":[{"name":"wp","href":"https:\/\/api.w.org\/{rel}","templated":true}]}}