{"id":199222,"date":"2025-06-23T22:09:15","date_gmt":"2025-06-23T22:09:15","guid":{"rendered":"https:\/\/www.europesays.com\/fr\/199222\/"},"modified":"2025-06-23T22:09:15","modified_gmt":"2025-06-23T22:09:15","slug":"tom-cruise-retrouvailles-surprises-avec-brad-pitt-a-lavant-premiere-de-f1","status":"publish","type":"post","link":"https:\/\/www.europesays.com\/fr\/199222\/","title":{"rendered":"Tom Cruise, retrouvailles surprises avec Brad Pitt \u00e0 l&rsquo;avant-premi\u00e8re de F1"},"content":{"rendered":"<p>Trente ans apr\u00e8s Entretien avec un vampire, retrouvailles sur le tapis rouge. Lundi soir, \u00e0 l&rsquo;occasion de l&rsquo;avant-premi\u00e8re du tr\u00e8s attendu F1, <strong><a href=\"https:\/\/www.vanityfair.fr\/dossier\/tom-cruise\" isautogenerated=\"true\" target=\"_blank\" rel=\"noopener\">Tom Cruise<\/a><\/strong> \u00e9tait l&rsquo;invit\u00e9 surprise de l&rsquo;\u00e9v\u00e9nement. Il a pu retrouver <a href=\"https:\/\/www.vanityfair.fr\/dossier\/brad-pitt\" isautogenerated=\"true\" target=\"_blank\" rel=\"noopener\"><strong>Brad Pitt<\/strong><\/a>, star du film r\u00e9alis\u00e9 par <strong>Joseph Kosinski<\/strong> \u2014 qui l&rsquo;a dirig\u00e9 dans Top Gun : Maverick. Un rattrapage pour le r\u00e9alisateur qui, selon <a data-offer-url=\"https:\/\/variety.com\/2025\/film\/news\/tom-cruise-f1-movie-car-crashes-brad-pitt-1236411757\/\" class=\"external-link\" data-event-click=\"{&quot;element&quot;:&quot;ExternalLink&quot;,&quot;outgoingURL&quot;:&quot;https:\/\/variety.com\/2025\/film\/news\/tom-cruise-f1-movie-car-crashes-brad-pitt-1236411757\/&quot;}\" href=\"https:\/\/variety.com\/2025\/film\/news\/tom-cruise-f1-movie-car-crashes-brad-pitt-1236411757\/\" rel=\"nofollow noopener\" target=\"_blank\">Variety<\/a>, aurait travaill\u00e9 sur une premi\u00e8re version de Le Mans 66 avec les deux stars au casting, avant que la version avec <a href=\"https:\/\/www.vanityfair.fr\/dossier\/matt-damon\" isautogenerated=\"true\" target=\"_blank\" rel=\"noopener\"><strong>Matt Damon<\/strong><\/a> et <a href=\"https:\/\/www.vanityfair.fr\/dossier\/christian-bale\" isautogenerated=\"true\" target=\"_blank\" rel=\"noopener\"><strong>Christian Bale<\/strong><\/a> ne sorte en 2019.<\/p>\n<p>Interrog\u00e9 par <a href=\"https:\/\/www.gq.com\/story\/making-of-the-f1-movie-brad-pitt-lewis-hamilton-damson-idris\" target=\"_blank\" rel=\"noopener\">GQ<\/a> sur la possibilit\u00e9 de mettre en sc\u00e8ne Tom Cruise dans le r\u00f4le d&rsquo;un pilote de Formule 1, comme il l&rsquo;a fait avec Brad Pitt, Joseph Kosinski avait un avis bien tranch\u00e9 : \u00ab Tom repousse toujours les limites, mais est en m\u00eame temps tr\u00e8s dou\u00e9. Tous deux ont un talent inn\u00e9 pour la conduite. Mais ouais, je pense que Tom nous aurait un peu plus effray\u00e9s. \u00bb \u00ab Nous aurions eu un accident. Tom repousse toujours les limites. Les VRAIES limites. \u00c7a me terrifie \u00bb, avait compl\u00e9t\u00e9 <strong>Graham Kelly<\/strong>, un sp\u00e9cialiste des voitures d&rsquo;action qui a travaill\u00e9 sur F1 et Top Gun : Maverick. \u00ab\u00a0J&rsquo;ai fait plein de Mission : Impossible avec Tom et faire des cascades avec lui est l&rsquo;exp\u00e9rience la plus terrifiante possible pour quelqu&rsquo;un comme moi, qui lui construit des voitures. Alors que Brad \u00e9coute, conna\u00eet ses capacit\u00e9s et je pense qu&rsquo;il serait le premier \u00e0 dire : \u201cOuais, je ne vais pas faire \u00e7a\u201d. \u00bb<\/p>\n<p>Il ne faut pas y voir de t\u00e2cle envers un Brad Pitt trop mou \u2013 quoique\u2026\u00a0\u2013 mais Tom Cruise est connu pour sa passion cascades. Il figure m\u00eame au Livre Guinness des Records depuis le tournage du huiti\u00e8me opus de Mission : Impossible, au titre de <a href=\"https:\/\/www.vanityfair.fr\/article\/tom-cruise-bat-un-nouveau-record-du-monde-mission-impossible\" target=\"_blank\" rel=\"noopener\">tout premier acteur \u00e0 avoir r\u00e9alis\u00e9 16 fois un saut en parachute enflamm\u00e9<\/a> pour <a data-offer-url=\"https:\/\/www.youtube-nocookie.com\/embed\/K5PP7igejMU\" class=\"external-link\" data-event-click=\"{&quot;element&quot;:&quot;ExternalLink&quot;,&quot;outgoingURL&quot;:&quot;https:\/\/www.youtube-nocookie.com\/embed\/K5PP7igejMU&quot;}\" href=\"https:\/\/www.youtube-nocookie.com\/embed\/K5PP7igejMU\" rel=\"nofollow noopener\" target=\"_blank\">une des sc\u00e8nes les plus impressionnantes<\/a> des derni\u00e8res aventures d&rsquo;Ethan Hunt. \u00c0 voir l&rsquo;int\u00e9r\u00eat que Tom Cruise a port\u00e9 \u00e0 la Formule 1 install\u00e9e sur le tapis rouge, il ne faudrait pas s&rsquo;\u00e9tonner de le voir au volant d&rsquo;une monoplace dans une prochaine production.<\/p>\n","protected":false},"excerpt":{"rendered":"Trente ans apr\u00e8s Entretien avec un vampire, retrouvailles sur le tapis rouge. Lundi soir, \u00e0 l&rsquo;occasion de l&rsquo;avant-premi\u00e8re&hellip;\n","protected":false},"author":2,"featured_media":199223,"comment_status":"","ping_status":"","sticky":false,"template":"","format":"standard","meta":{"footnotes":""},"categories":[1412],"tags":[2134,1451,1452,1453,1454,1455,1011,27,60,6834],"class_list":{"0":"post-199222","1":"post","2":"type-post","3":"status-publish","4":"format-standard","5":"has-post-thumbnail","7":"category-f1","8":"tag-brad-pitt","9":"tag-f1","10":"tag-formula-1","11":"tag-formula1","12":"tag-formule-1","13":"tag-formule1","14":"tag-fr","15":"tag-france","16":"tag-sports","17":"tag-tom-cruise"},"share_on_mastodon":{"url":"https:\/\/pubeurope.com\/@fr\/114734967246320278","error":""},"_links":{"self":[{"href":"https:\/\/www.europesays.com\/fr\/wp-json\/wp\/v2\/posts\/199222","targetHints":{"allow":["GET"]}}],"collection":[{"href":"https:\/\/www.europesays.com\/fr\/wp-json\/wp\/v2\/posts"}],"about":[{"href":"https:\/\/www.europesays.com\/fr\/wp-json\/wp\/v2\/types\/post"}],"author":[{"embeddable":true,"href":"https:\/\/www.europesays.com\/fr\/wp-json\/wp\/v2\/users\/2"}],"replies":[{"embeddable":true,"href":"https:\/\/www.europesays.com\/fr\/wp-json\/wp\/v2\/comments?post=199222"}],"version-history":[{"count":0,"href":"https:\/\/www.europesays.com\/fr\/wp-json\/wp\/v2\/posts\/199222\/revisions"}],"wp:featuredmedia":[{"embeddable":true,"href":"https:\/\/www.europesays.com\/fr\/wp-json\/wp\/v2\/media\/199223"}],"wp:attachment":[{"href":"https:\/\/www.europesays.com\/fr\/wp-json\/wp\/v2\/media?parent=199222"}],"wp:term":[{"taxonomy":"category","embeddable":true,"href":"https:\/\/www.europesays.com\/fr\/wp-json\/wp\/v2\/categories?post=199222"},{"taxonomy":"post_tag","embeddable":true,"href":"https:\/\/www.europesays.com\/fr\/wp-json\/wp\/v2\/tags?post=199222"}],"curies":[{"name":"wp","href":"https:\/\/api.w.org\/{rel}","templated":true}]}}