{"id":199224,"date":"2025-06-23T22:10:09","date_gmt":"2025-06-23T22:10:09","guid":{"rendered":"https:\/\/www.europesays.com\/fr\/199224\/"},"modified":"2025-06-23T22:10:09","modified_gmt":"2025-06-23T22:10:09","slug":"cyclisme-interview-marc-madiot-tout-est-remis-en-cause-a-partir-du-1er-juillet","status":"publish","type":"post","link":"https:\/\/www.europesays.com\/fr\/199224\/","title":{"rendered":"Cyclisme. INTERVIEW &#8211; Marc Madiot : \u00abTout est remis en cause \u00e0 partir du 1er juillet\u00bb"},"content":{"rendered":"<p> Lire la suite de l&rsquo;article&#13;<\/p>\n<p>\u00a0<\/p>\n<p>&#13;<br \/>\n\u00ab\u00a0Romain passe bien les bosses, c\u2019est un puncheur, mais ce n\u2019est pas un grimpeur\u00a0\u00bb&#13;<\/p>\n<p><strong>Le Tour de Suisse vient de se terminer. Votre coureur Romain Gr\u00e9goire a remport\u00e9 une belle victoire d\u2019\u00e9tape d\u00e8s le premier jour et a port\u00e9 le maillot jaune. Quel bilan tirez-vous de cette course et des performances de Romain ?<\/strong><\/p>\n<p>&#13;<\/p>\n<p>Romain a fait un bon Tour de Suisse. Il a atteint son objectif initial, qui \u00e9tait de remporter une \u00e9tape. Il l\u2019a fait d\u00e8s le premier jour, dans des conditions difficiles, en montrant beaucoup de d\u00e9termination. Ensuite, il a port\u00e9 le maillot jaune pendant plusieurs jours, ce qui \u00e9tait un petit bonus. Cela lui a permis de jouer les premiers r\u00f4les sur plusieurs \u00e9tapes. L\u2019\u00e9quipe a \u00e9t\u00e9 \u00e0 la hauteur. Je souligne aussi les belles performances de Lewis Askey, qui a d\u00e9croch\u00e9 deux podiums dans des sprints massifs. Globalement, le bilan est plut\u00f4t positif.<\/p>\n<p>&#13;<\/p>\n<p>\u00a0<\/p>\n<p>&#13;<\/p>\n<p><strong>Justement, apr\u00e8s ces premiers jours en jaune, Romain a c\u00e9d\u00e9 dans les grosses \u00e9tapes. \u00c9tait-ce quelque chose d\u2019attendu ?<\/strong><\/p>\n<p>&#13;<\/p>\n<p>Quand on affronte des \u00e9tapes avec 4000 m\u00e8tres de d\u00e9nivel\u00e9, on est clairement en haute montagne. Romain passe bien les bosses, c\u2019est un puncheur, mais ce n\u2019est pas un grimpeur capable d\u2019encha\u00eener les grandes ascensions plusieurs jours de suite. On savait que ce serait compliqu\u00e9, mais il s\u2019est bien battu. Tout ce qu\u2019il a accompli sur cette semaine va lui permettre d\u2019\u00eatre tr\u00e8s op\u00e9rationnel pour le Championnat et surtout pour le Tour de France.<\/p>\n<p>&#13;<\/p>\n<p>\u00a0<\/p>\n<p>&#13;<\/p>\n<p><strong>On le compare parfois \u00e0 un coureur comme K\u00e9vin Vauquelin, qui suit une trajectoire similaire, m\u00eame s\u2019il a quelques ann\u00e9es de plus. Est-ce que ce sont leurs qualit\u00e9s physiques qui font la diff\u00e9rence et qui permettent \u00e0 Vauquelin de terminer deuxi\u00e8me du Tour de Suisse ?<\/strong><\/p>\n<p>&#13;<\/p>\n<p>Vauquelin est un peu plus \u00e2g\u00e9, avec plus d\u2019exp\u00e9rience et de v\u00e9cu au niveau World Tour. C\u2019est aussi un meilleur grimpeur sur les longues ascensions, et il a eu le temps de travailler cela. Il atteint aujourd\u2019hui une forme de maturit\u00e9 l\u00e0 o\u00f9 Romain est encore en phase de d\u00e9veloppement. Il est tr\u00e8s jeune, il a du potentiel, mais il faut le conserver dans un sch\u00e9ma qui lui convient : puncheur, sprinteur, passeur de bosses. C\u2019est dans ce registre qu\u2019il pourra le mieux s\u2019exprimer dans la seconde partie de sa carri\u00e8re.<\/p>\n<p>&#13;<\/p>\n<p>\u00a0<\/p>\n<p>&#13;<br \/>\n\u00ab\u00a0Vingegaard,\u00a0il lui manque encore un petit quelque chose pour rivaliser avec Pogacar\u00a0\u00bb&#13;<\/p>\n<p><strong>La semaine pr\u00e9c\u00e9dente, il y avait le Crit\u00e9rium du Dauphin\u00e9. Cette fois, pas de victoire d\u2019\u00e9tape pour votre \u00e9quipe, mais Guillaume Martin a d\u00e9croch\u00e9 un top 10. \u00c9tait-ce le r\u00e9sultat attendu de sa part ?<\/strong><\/p>\n<p>&#13;<\/p>\n<p>Guillaume est un tr\u00e8s bon coureur de courses par \u00e9tapes. Il s\u2019impose avec le temps et l\u2019usure du peloton. Il a parfaitement r\u00e9pondu \u00e0 nos attentes sur cette semaine du Dauphin\u00e9. Ce n\u2019est peut-\u00eatre pas un coureur tr\u00e8s spectaculaire au premier abord, mais il est accrocheur, mentalement tr\u00e8s fort. Il ne l\u00e2che jamais. J\u2019en suis certain, il nous apportera de belles satisfactions sur le Tour de France.<\/p>\n<p>&#13;<\/p>\n<p>\u00a0<\/p>\n<p>&#13;<\/p>\n<p><strong>Bien s\u00fbr, toute la lumi\u00e8re sur ce Dauphin\u00e9 \u00e9tait braqu\u00e9e sur la bataille des favoris du Tour de France. Finalement, la hi\u00e9rarchie a sembl\u00e9 tr\u00e8s marqu\u00e9e : Pogacar a \u00e9cras\u00e9 Vingegaard, qui lui-m\u00eame a \u00e9cras\u00e9 le reste du peloton. Que retenez-vous de cette confrontation entre les grands leaders ?<\/strong><\/p>\n<p>&#13;<\/p>\n<p>On voit que Pogacar est \u00e0 son meilleur niveau, surtout en montagne. Il reste peut-\u00eatre quelques d\u00e9tails \u00e0 ajuster sur le chrono, mais globalement, il est tr\u00e8s fort depuis le d\u00e9but de saison. Vingegaard m\u2019a sembl\u00e9 en forme, mais il lui manque encore un petit quelque chose pour rivaliser avec Pogacar sur toute la ligne. Il y a clairement un \u00e9cart entre eux deux et le reste, m\u00eame si Evenepoel est aussi \u00e0 un excellent niveau. La hi\u00e9rarchie de l\u2019an dernier semble se confirmer.<\/p>\n<p>&#13;<\/p>\n<p>\u00a0<\/p>\n<p>&#13;<\/p>\n<p><strong>Selon les bookmakers, il y a un \u00e9cart \u00e9norme entre Pogacar et les autres favoris. Partagez-vous cette vision d\u2019un immense favori ?<\/strong><\/p>\n<p>&#13;<\/p>\n<p>Je nai pas vues les c\u00f4tes, mais si on se fie \u00e0 ce qu\u2019on a observ\u00e9, il n\u2019y a pas besoin d\u2019\u00eatre un grand sp\u00e9cialiste pour dire que Pogacar est le favori num\u00e9ro un. Mais il faut toujours se m\u00e9fier. Le Tour, c&rsquo;est trois semaines avec beaucoup d\u2019emb\u00fbches : la montagne, les chronos, les \u00e9tapes pi\u00e9geuses, le vent, la gestion du peloton\u2026 Il y a beaucoup de param\u00e8tres qu\u2019on essaie de contr\u00f4ler, mais qu\u2019on ne ma\u00eetrise jamais \u00e0 100 %. Il y a toujours les al\u00e9as de la course. Donc tout reste ouvert, m\u00eame si sur le papier, Pogacar coche plus de cases que les autres.<\/p>\n<p>&#13;<\/p>\n<p>\u00a0<\/p>\n<p>&#13;<br \/>\n\u00ab\u00a0Un Gaudu \u00e0 son meilleur niveau&#8230;\u00a0\u00bb&#13;<\/p>\n<p><strong>Concernant votre \u00e9quipe pour le Tour, quelles seront les ambitions ? On sait que Guillaume Martin, David Gaudu, Romain Gr\u00e9goire ou encore Valentin Madouas devraient \u00eatre pr\u00e9sents. Quels seront les objectifs de Groupama-FDJ sur les trois semaines ?<\/strong><\/p>\n<p>&#13;<\/p>\n<p>Comme beaucoup d\u2019\u00e9quipes du \u00ab\u00a0ventre mou\u00a0\u00bb du peloton World Tour, notre objectif principal est de d\u00e9crocher une victoire d\u2019\u00e9tape. Ensuite, \u00eatre le plus proche possible des meilleurs, notamment avec Guillaume Martin. On a une bonne \u00e9quipe, homog\u00e8ne, et on esp\u00e8re obtenir de beaux r\u00e9sultats, dans la continuit\u00e9 de ce qu\u2019on a montr\u00e9 au Tour de Suisse. En combinant les enseignements du Dauphin\u00e9 et du Tour de Suisse, on devrait \u00eatre bien arm\u00e9s.<\/p>\n<p>&#13;<\/p>\n<p>\u00a0<\/p>\n<p>&#13;<\/p>\n<p><strong>Vous avez mentionn\u00e9 Guillaume Martin pour le classement g\u00e9n\u00e9ral. Qu\u2019en est-il de David Gaudu ? Sera-t-il au d\u00e9part du Tour, et avec quelles ambitions ?<\/strong><\/p>\n<p>&#13;<\/p>\n<p>On n\u2019en est pas encore l\u00e0. On fera le point \u00e0 l\u2019issue du championnat de France. Un Gaudu \u00e0 son meilleur niveau peut jouer dans les m\u00eames sph\u00e8res que Guillaume. On va voir comment il se sent physiquement dans les prochains jours, et on en tirera les conclusions.<\/p>\n<p>&#13;<\/p>\n<p>\u00a0<\/p>\n<p>&#13;<\/p>\n<p><strong>Donc, la s\u00e9lection pour le Tour de France n\u2019est pas encore finalis\u00e9e ? Vous attendez les championnats nationaux ?<\/strong><\/p>\n<p>&#13;<\/p>\n<p>Oui, certaines id\u00e9es commencent \u00e0 \u00e9merger, mais il est encore trop t\u00f4t pour en parler.<\/p>\n<p>&#13;<\/p>\n<p>\u00a0<\/p>\n<p>&#13;<br \/>\n\u00ab\u00a0On esp\u00e8re toujours ramener au moins un maillot des\u00a0Championnats de France\u00a0\u00bb&#13;<\/p>\n<p><strong>Justement, les Championnats de France approchent, avec d\u2019abord le contre-la-montre, puis la course en ligne. L\u2019an dernier, vous n\u2019aviez remport\u00e9 aucun des deux. Quel est l\u2019objectif cette ann\u00e9e ?<\/strong><\/p>\n<p>&#13;<\/p>\n<p>Quand on va aux Championnats de France, on esp\u00e8re toujours ramener au moins un maillot. Le contre-la-montre compte, mais c\u2019est surtout la course en ligne qui est l\u2019\u00e9l\u00e9ment phare du week-end. C\u2019est une course que toutes les \u00e9quipes veulent gagner, au moins de temps en temps, si ce n\u2019est le plus souvent possible. L\u2019objectif est donc clair : devenir champion de France dimanche. Et si on peut aussi le faire sur le chrono, comme on l\u2019a d\u00e9j\u00e0 fait par le pass\u00e9, ce serait parfait.<\/p>\n<p>&#13;<\/p>\n<p>\u00a0<\/p>\n<p>&#13;<\/p>\n<p><strong>Quelles seront vos cartes ma\u00eetresses sur cette course ? Est-ce qu\u2019on s\u2019attend \u00e0 une course tr\u00e8s tactique ou \u00e0 une course \u00ab\u00a0\u00e0 la p\u00e9dale\u00a0\u00bb, comme lors du sacre de Valentin Madouas il y a deux ans ?<\/strong><\/p>\n<p>&#13;<\/p>\n<p>Il faudra d\u2019abord voir le parcours, qu\u2019on ne conna\u00eet pas encore en d\u00e9tail. On le visualisera ce week-end. Les conditions m\u00e9t\u00e9o annonc\u00e9es, avec de fortes chaleurs, auront aussi leur importance. Tous ces \u00e9l\u00e9ments combin\u00e9s devraient donner lieu \u00e0 un beau championnat, mais pour l\u2019instant, il est difficile de d\u00e9signer un favori au sein de l\u2019\u00e9quipe.<\/p>\n<p>&#13;<\/p>\n<p>\u00a0<\/p>\n<p>&#13;<\/p>\n<p><strong>Derni\u00e8re question avant de vous laisser. On est fin juin, \u00e0 la mi-saison. Quel est votre bilan \u00e0 ce stade pour l\u2019\u00e9quipe Groupama-FDJ ?<\/strong><\/p>\n<p>&#13;<\/p>\n<p>Le bilan est correct : on compte neuf victoires, on a \u00e9t\u00e9 performants sur plusieurs courses. Mais on sait tous que c\u2019est le mois de juillet qui est d\u00e9terminant. Tout ce qui s\u2019est pass\u00e9 avant est int\u00e9ressant, mais tout est remis en jeu \u00e0 partir du 1er juillet.<\/p>\n","protected":false},"excerpt":{"rendered":"Lire la suite de l&rsquo;article&#13; \u00a0 &#13; \u00ab\u00a0Romain passe bien les bosses, c\u2019est un puncheur, mais ce n\u2019est&hellip;\n","protected":false},"author":2,"featured_media":199225,"comment_status":"","ping_status":"","sticky":false,"template":"","format":"standard","meta":{"footnotes":""},"categories":[1411],"tags":[1154,207,211,1011,27,2173,209,60,210,212,208,213],"class_list":{"0":"post-199224","1":"post","2":"type-post","3":"status-publish","4":"format-standard","5":"has-post-thumbnail","7":"category-cyclisme","8":"tag-cycling","9":"tag-cyclisme","10":"tag-ffc","11":"tag-fr","12":"tag-france","13":"tag-interview","14":"tag-route","15":"tag-sports","16":"tag-tour-de-france","17":"tag-uci","18":"tag-velo","19":"tag-world-tour"},"share_on_mastodon":{"url":"https:\/\/pubeurope.com\/@fr\/114734971164235244","error":""},"_links":{"self":[{"href":"https:\/\/www.europesays.com\/fr\/wp-json\/wp\/v2\/posts\/199224","targetHints":{"allow":["GET"]}}],"collection":[{"href":"https:\/\/www.europesays.com\/fr\/wp-json\/wp\/v2\/posts"}],"about":[{"href":"https:\/\/www.europesays.com\/fr\/wp-json\/wp\/v2\/types\/post"}],"author":[{"embeddable":true,"href":"https:\/\/www.europesays.com\/fr\/wp-json\/wp\/v2\/users\/2"}],"replies":[{"embeddable":true,"href":"https:\/\/www.europesays.com\/fr\/wp-json\/wp\/v2\/comments?post=199224"}],"version-history":[{"count":0,"href":"https:\/\/www.europesays.com\/fr\/wp-json\/wp\/v2\/posts\/199224\/revisions"}],"wp:featuredmedia":[{"embeddable":true,"href":"https:\/\/www.europesays.com\/fr\/wp-json\/wp\/v2\/media\/199225"}],"wp:attachment":[{"href":"https:\/\/www.europesays.com\/fr\/wp-json\/wp\/v2\/media?parent=199224"}],"wp:term":[{"taxonomy":"category","embeddable":true,"href":"https:\/\/www.europesays.com\/fr\/wp-json\/wp\/v2\/categories?post=199224"},{"taxonomy":"post_tag","embeddable":true,"href":"https:\/\/www.europesays.com\/fr\/wp-json\/wp\/v2\/tags?post=199224"}],"curies":[{"name":"wp","href":"https:\/\/api.w.org\/{rel}","templated":true}]}}