{"id":199230,"date":"2025-06-23T22:13:17","date_gmt":"2025-06-23T22:13:17","guid":{"rendered":"https:\/\/www.europesays.com\/fr\/199230\/"},"modified":"2025-06-23T22:13:17","modified_gmt":"2025-06-23T22:13:17","slug":"usbek-rica-lecole-ideale-lexpo-qui-reinvente-le-futur-de-la-salle-de-classe","status":"publish","type":"post","link":"https:\/\/www.europesays.com\/fr\/199230\/","title":{"rendered":"Usbek &#038; Rica &#8211; \u00ab L\u2019\u00e9cole id\u00e9ale \u00bb, l\u2019expo qui r\u00e9invente le futur de la salle de classe"},"content":{"rendered":"<p>\u00ab\u00a0Depuis deux si\u00e8cles, l\u2019\u00e9cole telle que nous la connaissons en France est r\u00e9gie par des normes\u00a0: une salle rectangulaire, un couloir lat\u00e9ral, une cour asphalt\u00e9e et des mat\u00e9riaux standards\u00a0\u00bb, constatent Anna Labouze et Keimis Henni, co-commissaires avec <a target=\"_blank\" href=\"https:\/\/lateliersenzu.com\/\" rel=\"nofollow noopener\">l\u2019Atelier Senzu<\/a>. D\u2019o\u00f9 une r\u00e9partition des r\u00f4les souvent hi\u00e9rarchique entre \u00e9l\u00e8ves et adultes, mais aussi entre diff\u00e9rents \u00e2ges \u00e0 l\u2019int\u00e9rieur m\u00eame de l\u2019enfance. Ce que le nouveau design de <a target=\"_blank\" href=\"https:\/\/fr.pinterest.com\/pin\/07-vue-arienne-du-groupe-scolaire-des-plants-en-1975-jean-renaudie-architecte-dr-advo-1532w743--390898442640807056\/\" rel=\"nofollow noopener\">l\u2019\u00e9cole des Plants de Cergy-Pontoise<\/a> visait, dans les ann\u00e9es 1970, pr\u00e9cis\u00e9ment \u00e0 renverser\u00a0: une s\u00e9quence sur pilotis y reliait classes maternelles et primaires, enjambant l\u2019espace public gr\u00e2ce \u00e0 une architecture modulaire et multicolore construite en structure bois.<\/p>\n<p>Pr\u00e9au du futur<\/p>\n<p>Ainsi \u00e9galement du pr\u00e9au, espace de transition ni tout \u00e0 fait dedans ni tout \u00e0 fait dehors, lieu de rencontres informelles, souvent spontan\u00e9es, que l\u2019exposition convoque \u00e0 partir des projets r\u00e9cents des <a target=\"_blank\" href=\"https:\/\/www.vlaamsbouwmeester.be\/en\/projects\/oo1628-herentals-lille-ibis-freinet-herentals-en-ibis-vlindertuin-lille\" rel=\"nofollow noopener\">\u00e9coles Ibis \u00e0 Herentals et Vlindertuin \u00e0 Lille<\/a>. Ou encore de la cour de r\u00e9cr\u00e9ation, enfin en passe de sortir du culte de l\u2019asphalte \u2013 voir la <a target=\"_blank\" href=\"https:\/\/www.paris.fr\/pages\/les-cours-oasis-7389\" rel=\"nofollow noopener\">m\u00e9thode Oasis<\/a> lanc\u00e9e \u00e0 Paris en 2017, qui a notamment inspir\u00e9 le <a target=\"_blank\" href=\"https:\/\/www.lemonde.fr\/planete\/article\/2024\/11\/09\/a-bruges-frida-kahlo-invente-l-ecole-de-demain_6384863_3244.html\" rel=\"nofollow noopener\">groupe scolaire Frida-Kahlo<\/a>, en Gironde.<\/p>\n<p>De l\u00e0 \u00e0 transformer des parkings et des cuisines en salles de classe, voire \u00e0 faire sortir de l\u2019\u00e9cole de ses propres murs\u202f? C\u2019est sur cette note d\u2019ouverture que se conclut le dispositif, en rappelant au passage que la pand\u00e9mie de Covid-19 a raviv\u00e9 l\u2019int\u00e9r\u00eat pour les <a target=\"_blank\" href=\"https:\/\/usbeketrica.com\/fr\/article\/cours-en-plein-air-pupitres-espaces-le-danemark-laboratoire-de-l-ecole-a-l-heure-du-deconfinement\" rel=\"nofollow noopener\">classes en ext\u00e9rieur<\/a>, dont la science prouve qu\u2019elles stimulent les capacit\u00e9s cognitives des enfants\u2026 Un voyage enchanteur, qui donne envie d\u2019apprendre autrement.<\/p>\n","protected":false},"excerpt":{"rendered":"\u00ab\u00a0Depuis deux si\u00e8cles, l\u2019\u00e9cole telle que nous la connaissons en France est r\u00e9gie par des normes\u00a0: une salle&hellip;\n","protected":false},"author":2,"featured_media":199231,"comment_status":"","ping_status":"","sticky":false,"template":"","format":"standard","meta":{"footnotes":""},"categories":[1358],"tags":[1348,1384,1385,1386,58,59,1011,27],"class_list":{"0":"post-199230","1":"post","2":"type-post","3":"status-publish","4":"format-standard","5":"has-post-thumbnail","7":"category-arts-et-design","8":"tag-arts","9":"tag-arts-and-design","10":"tag-arts-et-design","11":"tag-design","12":"tag-divertissement","13":"tag-entertainment","14":"tag-fr","15":"tag-france"},"share_on_mastodon":{"url":"https:\/\/pubeurope.com\/@fr\/114734982955065969","error":""},"_links":{"self":[{"href":"https:\/\/www.europesays.com\/fr\/wp-json\/wp\/v2\/posts\/199230","targetHints":{"allow":["GET"]}}],"collection":[{"href":"https:\/\/www.europesays.com\/fr\/wp-json\/wp\/v2\/posts"}],"about":[{"href":"https:\/\/www.europesays.com\/fr\/wp-json\/wp\/v2\/types\/post"}],"author":[{"embeddable":true,"href":"https:\/\/www.europesays.com\/fr\/wp-json\/wp\/v2\/users\/2"}],"replies":[{"embeddable":true,"href":"https:\/\/www.europesays.com\/fr\/wp-json\/wp\/v2\/comments?post=199230"}],"version-history":[{"count":0,"href":"https:\/\/www.europesays.com\/fr\/wp-json\/wp\/v2\/posts\/199230\/revisions"}],"wp:featuredmedia":[{"embeddable":true,"href":"https:\/\/www.europesays.com\/fr\/wp-json\/wp\/v2\/media\/199231"}],"wp:attachment":[{"href":"https:\/\/www.europesays.com\/fr\/wp-json\/wp\/v2\/media?parent=199230"}],"wp:term":[{"taxonomy":"category","embeddable":true,"href":"https:\/\/www.europesays.com\/fr\/wp-json\/wp\/v2\/categories?post=199230"},{"taxonomy":"post_tag","embeddable":true,"href":"https:\/\/www.europesays.com\/fr\/wp-json\/wp\/v2\/tags?post=199230"}],"curies":[{"name":"wp","href":"https:\/\/api.w.org\/{rel}","templated":true}]}}