{"id":199234,"date":"2025-06-23T22:15:09","date_gmt":"2025-06-23T22:15:09","guid":{"rendered":"https:\/\/www.europesays.com\/fr\/199234\/"},"modified":"2025-06-23T22:15:09","modified_gmt":"2025-06-23T22:15:09","slug":"lextreme-droite-linvitee-de-quotidien-prend-tout-le-monde-de-court-yann-barthes-ne-sy-attendait-pas","status":"publish","type":"post","link":"https:\/\/www.europesays.com\/fr\/199234\/","title":{"rendered":"\u201cL\u2019extr\u00eame droite\u2026\u201d : l\u2019invit\u00e9e de Quotidien prend tout le monde de court, Yann Barth\u00e8s ne s\u2019y attendait pas"},"content":{"rendered":"<p data-start=\"416\" data-end=\"698\">Yann Barth\u00e8s \u00e9tait bien entour\u00e9 sur le plateau de <a href=\"https:\/\/www.closermag.fr\/tag\/quotidien\" rel=\"nofollow noopener\" target=\"_blank\">Quotidien<\/a> ce lundi 23 juin. L\u2019animateur, de retour comme chaque soir sur TMC, recevait <strong>les finalistes de la derni\u00e8re saison de Drag Race France.<\/strong> Une \u00e9mission culte qui ne cesse de gagner en popularit\u00e9 sur France T\u00e9l\u00e9visions.<\/p>\n<p data-start=\"700\" data-end=\"1048\">Apr\u00e8s des \u00e9changes bon enfant et des moments dr\u00f4les \u2014 o\u00f9 les chroniqueurs se sont vus attribuer des noms de drags \u2014 la s\u00e9quence a pris un tournant bien plus engag\u00e9. <strong>Nicky Doll, l\u2019animatrice phare de Drag Race<\/strong>, a profit\u00e9 de l\u2019occasion pour passer un message puissant. De quoi scotcher le plateau et d\u00e9clencher une salve d\u2019applaudissements.<\/p>\n<p> Nicky Doll prend la parole et \u00e9lectrise le plateau <\/p>\n<p data-start=\"1105\" data-end=\"1399\">Tout avait d\u00e9marr\u00e9 dans la bonne humeur. Les finalistes de Drag Race encha\u00eenaient les petites piques amicales avec <a href=\"https:\/\/www.closermag.fr\/people\/yann-barthes-se-ridiculise-face-a-une-star-americaine-la-tempete-de-gene-nest-pas-loin-3549330\" rel=\"nofollow noopener\" target=\"_blank\">Yann Barth\u00e8s<\/a> et les chroniqueurs de l\u2019\u00e9mission. Mais tr\u00e8s vite, le ton a chang\u00e9 lorsque <a href=\"https:\/\/www.closermag.fr\/people\/nicky-doll-ce-jour-ou-la-star-de-drag-race-france-a-trouve-son-nom-3247035\" rel=\"nofollow noopener\" target=\"_blank\">Nicky Doll<\/a> a pris la parole pour rappeler<strong> les racines politiques du drag.<\/strong> \u00ab\u00a0On a la chance maintenant, gr\u00e2ce aux r\u00e9seaux sociaux, \u00e0 l&rsquo;ouverture des esprits&#8230; Il faut savoir que la nouvelle g\u00e9n\u00e9ration \u00e9tait pr\u00eate depuis longtemps de nous avoir \u00e0 la t\u00e9l\u00e9. On a cette ouverture m\u00e9diatique qui permet aujourd&rsquo;hui de partager les messages. Mais <strong>le Drag a toujours \u00e9t\u00e9 politique,<\/strong> et c&rsquo;\u00e9tait bien plus dangereux de l&rsquo;\u00eatre, \u00e0 l&rsquo;\u00e9poque.\u00a0\u00bb<\/p>\n<p data-start=\"1761\" data-end=\"2404\">Elle a poursuivi avec conviction : \u00ab\u00a0D&rsquo;ailleurs, la majorit\u00e9 des droits LGBT et queer <strong>sont l\u00e0 gr\u00e2ce \u00e0 des personnes non binaires, racis\u00e9es, queers, trans ou drag qui se sont battues,<\/strong> car elles \u00e9taient d\u00e9j\u00e0 marginalis\u00e9es depuis longtemps, donc elles n&rsquo;avaient rien \u00e0 perdre. Donc, on est l\u00e0 aussi pour rappeler que certes, on a la chance d&rsquo;\u00eatre l\u00e0, avec le service public, on a la chance de pouvoir divertir un jeudi, un vendredi ou un samedi, ou m\u00eame \u00e0 Bercy (et \u00e7a rime !). Mais on n&rsquo;oublie pas qu&rsquo;\u00e0 force de prendre le futur pour acquis, <strong>on se retrouve vite dans le pass\u00e9.<\/strong> Et je pense que l\u00e0, maintenant, plus que jamais, c&rsquo;est important.\u00a0\u00bb<\/p>\n<p> Une attaque frontale contre l\u2019extr\u00eame droite <\/p>\n<p data-start=\"2455\" data-end=\"2617\">Mais c\u2019est surtout la derni\u00e8re tirade de Nicky Doll qui a secou\u00e9 le plateau. Dans un message sans d\u00e9tour, elle a vis\u00e9 directement un certain camp politique. \u00ab\u00a0Et un dernier message que j&rsquo;aimerais faire passer. Il y a un certain parti politique qui pense pouvoir montrer qu&rsquo;ils sont amis de la communaut\u00e9 maintenant, et qui veulent venir marcher avec nous \u00e0 la Pride,<strong> pour ensuite nous enlever des droits. L&rsquo;extr\u00eame droite, vous pouvez rester chez vous<\/strong>, on n&rsquo;a pas besoin de vous \u00e0 la Pride. Restez chez vous.\u00a0\u00bb<\/p>\n<p data-start=\"2976\" data-end=\"3229\">Surprise dans le public, qui n\u2019a pas manqu\u00e9 de saluer cette d\u00e9claration par un tonnerre d\u2019applaudissements. M\u00eame Yann Barth\u00e8s, habitu\u00e9 aux coups de gueule en direct, n\u2019avait visiblement pas vu venir cette prise de parole aussi cash que courageuse. Un rappel salutaire, en pleine p\u00e9riode de mobilisation des droits LGBTQ+, et <strong>\u00e0 quelques jours des nombreuses marches des fiert\u00e9s<\/strong> pr\u00e9vues un peu partout en France. Nul doute que ce message, relay\u00e9 depuis par de nombreux internautes, marquera les esprits.<\/p>\n","protected":false},"excerpt":{"rendered":"Yann Barth\u00e8s \u00e9tait bien entour\u00e9 sur le plateau de Quotidien ce lundi 23 juin. L\u2019animateur, de retour comme&hellip;\n","protected":false},"author":2,"featured_media":199235,"comment_status":"","ping_status":"","sticky":false,"template":"","format":"standard","meta":{"footnotes":""},"categories":[1356],"tags":[548,33885,58,15347,59,1011,27,1404,252,1364,1405],"class_list":{"0":"post-199234","1":"post","2":"type-post","3":"status-publish","4":"format-standard","5":"has-post-thumbnail","7":"category-television","8":"tag-article-simple","9":"tag-discours-politique-generale","10":"tag-divertissement","11":"tag-drag-queen","12":"tag-entertainment","13":"tag-fr","14":"tag-france","15":"tag-quotidien","16":"tag-television","17":"tag-tv","18":"tag-yann-barthes"},"share_on_mastodon":{"url":"https:\/\/pubeurope.com\/@fr\/114734991281205646","error":""},"_links":{"self":[{"href":"https:\/\/www.europesays.com\/fr\/wp-json\/wp\/v2\/posts\/199234","targetHints":{"allow":["GET"]}}],"collection":[{"href":"https:\/\/www.europesays.com\/fr\/wp-json\/wp\/v2\/posts"}],"about":[{"href":"https:\/\/www.europesays.com\/fr\/wp-json\/wp\/v2\/types\/post"}],"author":[{"embeddable":true,"href":"https:\/\/www.europesays.com\/fr\/wp-json\/wp\/v2\/users\/2"}],"replies":[{"embeddable":true,"href":"https:\/\/www.europesays.com\/fr\/wp-json\/wp\/v2\/comments?post=199234"}],"version-history":[{"count":0,"href":"https:\/\/www.europesays.com\/fr\/wp-json\/wp\/v2\/posts\/199234\/revisions"}],"wp:featuredmedia":[{"embeddable":true,"href":"https:\/\/www.europesays.com\/fr\/wp-json\/wp\/v2\/media\/199235"}],"wp:attachment":[{"href":"https:\/\/www.europesays.com\/fr\/wp-json\/wp\/v2\/media?parent=199234"}],"wp:term":[{"taxonomy":"category","embeddable":true,"href":"https:\/\/www.europesays.com\/fr\/wp-json\/wp\/v2\/categories?post=199234"},{"taxonomy":"post_tag","embeddable":true,"href":"https:\/\/www.europesays.com\/fr\/wp-json\/wp\/v2\/tags?post=199234"}],"curies":[{"name":"wp","href":"https:\/\/api.w.org\/{rel}","templated":true}]}}