{"id":199236,"date":"2025-06-23T22:16:14","date_gmt":"2025-06-23T22:16:14","guid":{"rendered":"https:\/\/www.europesays.com\/fr\/199236\/"},"modified":"2025-06-23T22:16:14","modified_gmt":"2025-06-23T22:16:14","slug":"pourquoi-la-venue-du-rappeur-kanye-west-en-slovaquie-cet-ete-suscite-la-polemique-dans-le-pays","status":"publish","type":"post","link":"https:\/\/www.europesays.com\/fr\/199236\/","title":{"rendered":"Pourquoi la venue du rappeur Kanye West en Slovaquie cet \u00e9t\u00e9 suscite la pol\u00e9mique dans le pays"},"content":{"rendered":"<p>Une programmation qui ne passe pas. Les organisateurs du festival Rubicon, qui se tiendra en juillet \u00e0 Bratislava, ont annonc\u00e9 ce lundi que le sulfureux rappeur am\u00e9ricain <a href=\"https:\/\/www.20minutes.fr\/people\/kanye_west\/\" target=\"_blank\" class=\"color-ultramarine c-link\" rel=\"noopener\">Kanye West<\/a> donnera son unique concert europ\u00e9en dans la capitale slovaque. \u00ab\u00a0Visionnaire du <a href=\"https:\/\/www.20minutes.fr\/dossier\/hip-hop\" target=\"_blank\" class=\"color-ultramarine c-link\" rel=\"noopener\">hip-hop<\/a>, ic\u00f4ne culturelle et g\u00e9nie controvers\u00e9\u00a0: Ye se produira le 20\u00a0juillet 2025 \u00e0 Bratislava\u00a0\u00bb, a \u00e9crit le festival sur son site Internet, s\u2019attirant les critiques d\u2019associations en raison des d\u00e9clarations n\u00e9onazies de la star.<\/p>\n<p>Alors que le <a href=\"https:\/\/www.20minutes.fr\/dossier\/festival\" target=\"_blank\" class=\"color-ultramarine c-link\" rel=\"noopener\">festival <\/a>qualifie la venue de l\u2019artiste de 48 ans de \u00ab\u00a0sensation mondiale au c\u0153ur de l\u2019Europe\u00a0\u00bb, plus de 3.000 personnes ont sign\u00e9 une p\u00e9tition contre sa venue, deux associations lui reprochant d\u2019avoir \u00ab\u00a0ouvertement adh\u00e9r\u00e9 \u00e0 l\u2019id\u00e9ologie\u00a0\u00bb nazie. \u00ab\u00a0Le concert de Kanye West dans notre ville et notre pays est une insulte \u00e0 la m\u00e9moire et une glorification de la violence d\u00e9gradante pour les victimes\u00a0\u00bb, selon le texte.<\/p>\n<p>Une chanson \u00e0 la gloire de Hitler \u00e0 son palmar\u00e8s<\/p>\n<p>Autrefois c\u00e9l\u00e9br\u00e9 pour une \u00e9criture musicale qui lui avait permis de glaner 24 <a href=\"https:\/\/www.20minutes.fr\/dossier\/grammy_awards\" target=\"_blank\" class=\"color-ultramarine c-link\" rel=\"noopener\">Grammy awards<\/a>, le rappeur, qui se fait aujourd\u2019hui appeler \u00ab\u00a0Ye\u00a0\u00bb, a multipli\u00e9 ces derni\u00e8res ann\u00e9es les d\u00e9clarations antis\u00e9mites et de soutien au nazisme. Il a diffus\u00e9 en mai une chanson \u00e0 la gloire de Hitler, qui a depuis \u00e9t\u00e9 \u00e9cout\u00e9e des millions de fois sur le r\u00e9seau social <a href=\"https:\/\/www.20minutes.fr\/high-tech\/twitter\/\" target=\"_blank\" class=\"color-ultramarine c-link\" rel=\"noopener\">X <\/a>apr\u00e8s avoir \u00e9t\u00e9 bannie par d\u2019autres plateformes, y compris YouTube. Admirateur du pr\u00e9sident am\u00e9ricain <a href=\"https:\/\/www.20minutes.fr\/dossier\/donald_trump\" target=\"_blank\" class=\"color-ultramarine c-link\" rel=\"noopener\">Donald Trump<\/a>, il est aussi all\u00e9 soutenir en juin au tribunal le magnat du hip-hop <a href=\"https:\/\/www.20minutes.fr\/arts-stars\/people\/p-diddy\/\" target=\"_blank\" class=\"color-ultramarine c-link\" rel=\"noopener\">P. Diddy<\/a>, jug\u00e9 pour trafic \u00e0 des fins d\u2019exploitation sexuelle et entreprise criminelle.<\/p>\n<\/p>\n<p>Le festival Rubicon, pr\u00e9sent\u00e9 comme le principal rendez-vous du <a href=\"https:\/\/www.20minutes.fr\/dossier\/rap\" target=\"_blank\" class=\"color-ultramarine c-link\" rel=\"noopener\">rap <\/a>dans ce pays d\u2019Europe centrale, est pr\u00e9vu du 18 au 20\u00a0juillet. Sa programmation inclut \u00e9galement les rappeurs am\u00e9ricains Offset et Sheck Wes.<\/p>\n","protected":false},"excerpt":{"rendered":"Une programmation qui ne passe pas. Les organisateurs du festival Rubicon, qui se tiendra en juillet \u00e0 Bratislava,&hellip;\n","protected":false},"author":2,"featured_media":199237,"comment_status":"","ping_status":"","sticky":false,"template":"","format":"standard","meta":{"footnotes":""},"categories":[1355],"tags":[47,58,75,59,674,849,1011,27,3617,7361,74,1361,873,1062,3616,10845],"class_list":{"0":"post-199236","1":"post","2":"type-post","3":"status-publish","4":"format-standard","5":"has-post-thumbnail","7":"category-musique","8":"tag-actualite","9":"tag-divertissement","10":"tag-donald-trump","11":"tag-entertainment","12":"tag-europe","13":"tag-festival","14":"tag-fr","15":"tag-france","16":"tag-hip-hop","17":"tag-kanye-west","18":"tag-monde","19":"tag-music","20":"tag-musique","21":"tag-polemique","22":"tag-rap","23":"tag-slovaquie"},"share_on_mastodon":{"url":"https:\/\/pubeurope.com\/@fr\/114734994797441028","error":""},"_links":{"self":[{"href":"https:\/\/www.europesays.com\/fr\/wp-json\/wp\/v2\/posts\/199236","targetHints":{"allow":["GET"]}}],"collection":[{"href":"https:\/\/www.europesays.com\/fr\/wp-json\/wp\/v2\/posts"}],"about":[{"href":"https:\/\/www.europesays.com\/fr\/wp-json\/wp\/v2\/types\/post"}],"author":[{"embeddable":true,"href":"https:\/\/www.europesays.com\/fr\/wp-json\/wp\/v2\/users\/2"}],"replies":[{"embeddable":true,"href":"https:\/\/www.europesays.com\/fr\/wp-json\/wp\/v2\/comments?post=199236"}],"version-history":[{"count":0,"href":"https:\/\/www.europesays.com\/fr\/wp-json\/wp\/v2\/posts\/199236\/revisions"}],"wp:featuredmedia":[{"embeddable":true,"href":"https:\/\/www.europesays.com\/fr\/wp-json\/wp\/v2\/media\/199237"}],"wp:attachment":[{"href":"https:\/\/www.europesays.com\/fr\/wp-json\/wp\/v2\/media?parent=199236"}],"wp:term":[{"taxonomy":"category","embeddable":true,"href":"https:\/\/www.europesays.com\/fr\/wp-json\/wp\/v2\/categories?post=199236"},{"taxonomy":"post_tag","embeddable":true,"href":"https:\/\/www.europesays.com\/fr\/wp-json\/wp\/v2\/tags?post=199236"}],"curies":[{"name":"wp","href":"https:\/\/api.w.org\/{rel}","templated":true}]}}