{"id":199244,"date":"2025-06-23T22:21:20","date_gmt":"2025-06-23T22:21:20","guid":{"rendered":"https:\/\/www.europesays.com\/fr\/199244\/"},"modified":"2025-06-23T22:21:20","modified_gmt":"2025-06-23T22:21:20","slug":"ils-touchent-enfin-au-reve-deinstein-la-gravite-quantique-se-rapproche-dune-demonstration-que-lon-croyait-impossible","status":"publish","type":"post","link":"https:\/\/www.europesays.com\/fr\/199244\/","title":{"rendered":"\u00ab Ils touchent enfin au r\u00eave d\u2019Einstein \u00bb : la gravit\u00e9 quantique se rapproche d\u2019une d\u00e9monstration que l\u2019on croyait impossible"},"content":{"rendered":"<tr>\n<td><strong>EN BREF<\/strong><\/td>\n<\/tr>\n<tr>\n<td>\n<ul>\n<li>\ud83c\udf0c Les chercheurs finlandais proposent une nouvelle <strong>approche quantique<\/strong> de la gravit\u00e9 qui pourrait unifier cette force avec les autres forces fondamentales.<\/li>\n<li>\ud83d\udd2c La th\u00e9orie s\u2019appuie sur les <strong>th\u00e9ories de jauge<\/strong> et pourrait expliquer des ph\u00e9nom\u00e8nes complexes comme les singularit\u00e9s des trous noirs et le Big Bang.<\/li>\n<li>\ud83d\udcca La <strong>renormalisation<\/strong> est un d\u00e9fi cl\u00e9 pour valider cette th\u00e9orie, mais les chercheurs restent optimistes quant \u00e0 la surmonter.<\/li>\n<li>\ud83e\udd1d En publiant leurs travaux, les scientifiques invitent la communaut\u00e9 internationale \u00e0 participer au d\u00e9veloppement de cette approche novatrice.<\/li>\n<\/ul>\n<\/td>\n<\/tr>\n<p>Les r\u00e9cents progr\u00e8s en physique th\u00e9orique marquent une avanc\u00e9e significative vers l\u2019unification de la gravit\u00e9 avec les autres forces fondamentales de la nature. R\u00e9alis\u00e9e par des chercheurs finlandais, cette perc\u00e9e pourrait r\u00e9volutionner notre compr\u00e9hension de l\u2019origine de l\u2019Univers. En introduisant une approche quantique innovante, ces scientifiques ouvrent la voie \u00e0 des perspectives in\u00e9dites, notamment pour la r\u00e9solution de l\u2019incompatibilit\u00e9 historique entre la relativit\u00e9 g\u00e9n\u00e9rale et la m\u00e9canique quantique. Les implications de cette d\u00e9couverte sont vastes, allant de l\u2019\u00e9tude des singularit\u00e9s des trous noirs \u00e0 une meilleure compr\u00e9hension du Big Bang.<\/p>\n<p>Comprendre la th\u00e9orie de jauge<\/p>\n<p>Une <strong>th\u00e9orie de jauge<\/strong> est un cadre th\u00e9orique fondamental en physique qui d\u00e9crit les interactions entre les particules. Elle repose sur un principe d\u2019invariance sous certaines transformations sp\u00e9cifiques, appel\u00e9es transformations de jauge. Dans le mod\u00e8le standard de la physique des particules, les forces \u00e9lectromagn\u00e9tique, faible et forte sont d\u00e9crites par ces th\u00e9ories. Chaque force est associ\u00e9e \u00e0 une sym\u00e9trie particuli\u00e8re et \u00e0 des particules m\u00e9diatrices, comme le photon pour l\u2019\u00e9lectromagn\u00e9tisme.<\/p>\n<p>La difficult\u00e9 r\u00e9sidait dans l\u2019int\u00e9gration de la gravit\u00e9 dans ce cadre bien \u00e9tabli. Cependant, la nouvelle approche d\u00e9velopp\u00e9e par les chercheurs propose d\u2019appliquer une sym\u00e9trie de jauge \u00e0 la gravit\u00e9, similaire \u00e0 celles des autres forces fondamentales. Si cette voie se r\u00e9v\u00e8le fructueuse, elle pourrait permettre d\u2019unifier les forces fondamentales au sein d\u2019un seul cadre th\u00e9orique coh\u00e9rent. Cela repr\u00e9senterait une avanc\u00e9e majeure dans notre compr\u00e9hension globale de l\u2019Univers et de ses lois fondamentales.<\/p>\n<blockquote class=\"wp-embedded-content\" data-secret=\"rf8Xi0CSsm\">\n<p><a href=\"https:\/\/www.innovant.fr\/2025\/05\/16\/la-singularite-pourrait-disparaitre-de-nouveaux-modeles-de-trous-noirs-defient-les-limites-posees-par-einstein\/\" rel=\"nofollow noopener\" target=\"_blank\">\u00ab La singularit\u00e9 pourrait dispara\u00eetre \u00bb : de nouveaux mod\u00e8les de trous noirs d\u00e9fient les limites pos\u00e9es par Einstein<\/a><\/p>\n<\/blockquote>\n<p>Les d\u00e9fis de la renormalisation en gravit\u00e9 quantique<\/p>\n<p>La <strong>renormalisation<\/strong> est une technique cruciale en physique quantique, utilis\u00e9e pour g\u00e9rer les infinis qui apparaissent dans les calculs des th\u00e9ories quantiques des champs. Cette m\u00e9thode permet d\u2019obtenir des r\u00e9sultats concrets et pr\u00e9dictifs. Dans le contexte de la gravit\u00e9 quantique, la renormalisation repr\u00e9sente un d\u00e9fi majeur, car les effets quantiques des interactions gravitationnelles sont extr\u00eamement faibles et difficiles \u00e0 discerner.<\/p>\n<p>Pour que la nouvelle th\u00e9orie soit valid\u00e9e, les chercheurs doivent prouver qu\u2019elle est renormalisable \u00e0 tous les ordres de calcul. Cette condition est indispensable pour que la th\u00e9orie soit consid\u00e9r\u00e9e comme physiquement viable. Si elle est remplie, cela pourrait offrir un cadre coh\u00e9rent pour explorer des ph\u00e9nom\u00e8nes extr\u00eames tels que les trous noirs ou les premiers instants de l\u2019Univers. Ce d\u00e9veloppement ouvrirait de nouvelles perspectives fascinantes en cosmologie et en physique des hautes \u00e9nergies.<\/p>\n<blockquote class=\"wp-embedded-content\" data-secret=\"peewRnREFv\">\n<p><a href=\"https:\/\/www.innovant.fr\/2025\/06\/08\/les-premiers-instants-de-lunivers-reveles-cette-incroyable-danse-du-plasma-quark-gluon-defie-notre-comprehension-de-la-physique-moderne\/\" rel=\"nofollow noopener\" target=\"_blank\">Les premiers instants de l\u2019univers r\u00e9v\u00e9l\u00e9s : cette incroyable danse du plasma quark-gluon d\u00e9fie notre compr\u00e9hension de la physique moderne<\/a><\/p>\n<\/blockquote>\n<p>Les implications cosmologiques de la nouvelle th\u00e9orie<\/p>\n<p>La th\u00e9orie r\u00e9cemment propos\u00e9e par Mikko Partanen et Jukka Tulkki pourrait avoir des r\u00e9percussions significatives sur notre compr\u00e9hension cosmologique. En d\u00e9crivant la gravit\u00e9 sous une sym\u00e9trie de jauge, cette approche offre un nouvel \u00e9clairage sur des ph\u00e9nom\u00e8nes tels que les singularit\u00e9s des trous noirs et l\u2019\u00e9nigmatique Big Bang.<\/p>\n<p><img loading=\"lazy\" width=\"1920\" height=\"1080\" decoding=\"async\" src=\"data:image\/svg+xml,%3Csvg%20xmlns=\" http:=\"\" alt=\"\" data-lazy-src=\"https:\/\/www.europesays.com\/fr\/wp-content\/uploads\/2025\/06\/la-decouverte-qui-ebranle-le-monde-scientifique-la-gravite-quantique-reve-ultime-deinstein-enfin-a-p.jpeg\"\/><\/p>\n<p>De plus, cette th\u00e9orie pourrait expliquer l\u2019asym\u00e9trie entre mati\u00e8re et antimati\u00e8re dans l\u2019Univers. En effet, l\u2019observation que l\u2019Univers contient plus de mati\u00e8re que d\u2019antimati\u00e8re demeure l\u2019une des grandes questions non r\u00e9solues en cosmologie moderne. La nouvelle approche pourrait fournir des r\u00e9ponses \u00e0 cette question en \u00e9tudiant les sym\u00e9tries fondamentales sous-jacentes \u00e0 l\u2019Univers.<\/p>\n<blockquote class=\"wp-embedded-content\" data-secret=\"NtcR7fJjNH\">\n<p><a href=\"https:\/\/www.innovant.fr\/2025\/04\/10\/oui-jai-achete-50-avis-google-et-mon-chiffre-daffaires-a-double-la-methode-hallucinante-dacheter-des-fans-com-pour-la-reputation-en-ligne-sur-google\/\" rel=\"nofollow noopener\" target=\"_blank\">\u00ab Oui, j\u2019ai achet\u00e9 50 avis Google et mon chiffre d\u2019affaires a doubl\u00e9 \u00bb : la m\u00e9thode hallucinante d\u2019Acheter-des-Fans.com pour la r\u00e9putation en ligne sur Google<\/a><\/p>\n<\/blockquote>\n<p>Si les chercheurs r\u00e9ussissent \u00e0 surmonter les obstacles techniques actuels, cette th\u00e9orie pourrait red\u00e9finir notre compr\u00e9hension des origines et de la structure de l\u2019Univers, ouvrant ainsi la voie \u00e0 de nouvelles recherches passionnantes.<\/p>\n<p>L\u2019appel \u00e0 la communaut\u00e9 scientifique<\/p>\n<p>Les travaux de Partanen et Tulkki ne sont pas seulement une avanc\u00e9e th\u00e9orique, ils constituent \u00e9galement un appel \u00e0 la communaut\u00e9 scientifique internationale. En publiant leurs r\u00e9sultats, les chercheurs esp\u00e8rent inciter d\u2019autres scientifiques \u00e0 approfondir et \u00e0 d\u00e9velopper cette approche novatrice. Cette collaboration pourrait mener \u00e0 des d\u00e9couvertes encore plus significatives, \u00e0 l\u2019image des r\u00e9volutions qu\u2019ont repr\u00e9sent\u00e9es la m\u00e9canique quantique et la relativit\u00e9 dans le pass\u00e9.<\/p>\n<p>La participation active de la communaut\u00e9 scientifique est essentielle pour tester, valider et \u00e9tendre les hypoth\u00e8ses de cette nouvelle th\u00e9orie. Les chercheurs sont optimistes quant \u00e0 la possibilit\u00e9 de surmonter les d\u00e9fis techniques et esp\u00e8rent que cette coop\u00e9ration internationale aboutira \u00e0 une compr\u00e9hension unifi\u00e9e des forces fondamentales qui r\u00e9gissent notre Univers.<\/p>\n<p>La recherche en physique th\u00e9orique continue d\u2019\u00e9voluer, ouvrant de nouvelles voies vers l\u2019unification des forces fondamentales. Les travaux de Partanen et Tulkki repr\u00e9sentent un pas significatif dans cette direction. La question qui demeure est la suivante : comment ces d\u00e9couvertes influenceront-elles les futures explorations scientifiques et notre compr\u00e9hension de l\u2019Univers ?<\/p>\n<p>L\u2019auteur s\u2019est appuy\u00e9 sur l\u2019intelligence artificielle pour enrichir cet article.<\/p>\n<p id=\"rating\">\u00c7a vous a plu ?\u00a04.5\/5 (29)<\/p>\n","protected":false},"excerpt":{"rendered":"EN BREF \ud83c\udf0c Les chercheurs finlandais proposent une nouvelle approche quantique de la gravit\u00e9 qui pourrait unifier cette&hellip;\n","protected":false},"author":2,"featured_media":199245,"comment_status":"","ping_status":"","sticky":false,"template":"","format":"standard","meta":{"footnotes":""},"categories":[7],"tags":[1011,27,43,40,41,39,42,44],"class_list":{"0":"post-199244","1":"post","2":"type-post","3":"status-publish","4":"format-standard","5":"has-post-thumbnail","7":"category-sciences-et-technologies","8":"tag-fr","9":"tag-france","10":"tag-science","11":"tag-science-and-technology","12":"tag-sciences","13":"tag-sciences-et-technologies","14":"tag-technologies","15":"tag-technology"},"share_on_mastodon":{"url":"https:\/\/pubeurope.com\/@fr\/114735014564497885","error":""},"_links":{"self":[{"href":"https:\/\/www.europesays.com\/fr\/wp-json\/wp\/v2\/posts\/199244","targetHints":{"allow":["GET"]}}],"collection":[{"href":"https:\/\/www.europesays.com\/fr\/wp-json\/wp\/v2\/posts"}],"about":[{"href":"https:\/\/www.europesays.com\/fr\/wp-json\/wp\/v2\/types\/post"}],"author":[{"embeddable":true,"href":"https:\/\/www.europesays.com\/fr\/wp-json\/wp\/v2\/users\/2"}],"replies":[{"embeddable":true,"href":"https:\/\/www.europesays.com\/fr\/wp-json\/wp\/v2\/comments?post=199244"}],"version-history":[{"count":0,"href":"https:\/\/www.europesays.com\/fr\/wp-json\/wp\/v2\/posts\/199244\/revisions"}],"wp:featuredmedia":[{"embeddable":true,"href":"https:\/\/www.europesays.com\/fr\/wp-json\/wp\/v2\/media\/199245"}],"wp:attachment":[{"href":"https:\/\/www.europesays.com\/fr\/wp-json\/wp\/v2\/media?parent=199244"}],"wp:term":[{"taxonomy":"category","embeddable":true,"href":"https:\/\/www.europesays.com\/fr\/wp-json\/wp\/v2\/categories?post=199244"},{"taxonomy":"post_tag","embeddable":true,"href":"https:\/\/www.europesays.com\/fr\/wp-json\/wp\/v2\/tags?post=199244"}],"curies":[{"name":"wp","href":"https:\/\/api.w.org\/{rel}","templated":true}]}}