{"id":199247,"date":"2025-06-23T22:23:11","date_gmt":"2025-06-23T22:23:11","guid":{"rendered":"https:\/\/www.europesays.com\/fr\/199247\/"},"modified":"2025-06-23T22:23:11","modified_gmt":"2025-06-23T22:23:11","slug":"frappes-israeliennes-sans-precedent-menace-iranienne-sur-le-detroit-dormuz-mediapart","status":"publish","type":"post","link":"https:\/\/www.europesays.com\/fr\/199247\/","title":{"rendered":"Frappes isra\u00e9liennes \u00ab sans pr\u00e9c\u00e9dent \u00bb ; menace iranienne sur le d\u00e9troit d\u2019Ormuz &#8211; Mediapart"},"content":{"rendered":"<ol>\n<li><a href=\"https:\/\/news.google.com\/rss\/articles\/CBMiyAFBVV95cUxOTXRmUVM5WHVEcncyRXBCR1ZiMU82T21tQ1pMR1piT1cxU2xZOGFsWXZkQjkyUU9IVU1Vb1VSV2JwaEhyLVZQUXNiTHNESUEwVVl6VGNIOXpJdWJRcmdLdEtEQTVBS05Wd3dJQkRiMkZ3V0tCc3E2Z0Ztbi1HRmdsb3MyVDFrQ1h3RFF6X0laQzFMUUxRa0FvcTJDVTZMdnJrNGhKcXl1RGNxeGxtMTZVaFBsYVRHbGt4RTkxNG5sNFlZSWhZRnZfTg?oc=5\" target=\"_blank\" rel=\"noopener\">Frappes isra\u00e9liennes \u00ab sans pr\u00e9c\u00e9dent \u00bb ; menace iranienne sur le d\u00e9troit d\u2019Ormuz<\/a>&nbsp;&nbsp;Mediapart<\/li>\n<li><a href=\"https:\/\/news.google.com\/rss\/articles\/CBMi7AFBVV95cUxOSUJMVlFEZHl6ZXlaQ0pTMDFzNkVvY3A3Sm5CXzQtSTlaX25ENmJhX2N1NFRNSWdoQUlMRzh6UmlfbWl2eDBoZC1RMGRpQW1OYTUyWFRIdnE4UlpxTGVfcHR2azBibDA0bFc3RVVXekxuZEZsaGNiZ1VxZWJXVHEyQlBfSU5iM1NPb2t4SXNGNGxtM2JYMXpwSzlJZC1MUFdvZWZhcmJta3cwN2MtcFIwZnMtMm92Y3RxdVM1Nzg0TkJpMmZNM2lCY01tVjBSNWVCTW5hRWtxbndENWlSSkNvR3pFclh6Z1JEU2RSbw?oc=5\" target=\"_blank\" rel=\"noopener\">L\u2019Europe dans une position intenable apr\u00e8s les bombardements am\u00e9ricains sur l\u2019Iran<\/a>&nbsp;&nbsp;Le Monde.fr<\/li>\n<li><a href=\"https:\/\/news.google.com\/rss\/articles\/CBMitgFBVV95cUxOU01kNG9xQWVBLWlvTTY5SkFNcFFnVm5DVlJ5ejd6R2dOODlLUmxqSHVQa2VfT0pkNkVsbld5Z051QlhuSmQ5WDFNOHdkdEJSMVhEX3VMY0ozamJRd1FrMzVleUZ2akNEX0ZBZGpaa1BRWFBscDNkQnlCd09namphV0JqeHFEN3luSS1MYU1LY1JtRTVaTnRzd2FsSEhQMWphMXFGNExMSDBiX0pMVk4weEh0eEx6QQ?oc=5\" target=\"_blank\" rel=\"noopener\">\u00ab\u00a0Isra\u00ebl Nous Prot\u00e8ge Du Pire\u00a0\u00bb, Plaide Bernard-Henri L\u00e9vy Face Aux Critiques<\/a>&nbsp;&nbsp;i24NEWS<\/li>\n<li><a href=\"https:\/\/news.google.com\/rss\/articles\/CBMikAJBVV95cUxQOUw3ZzBxN0xsNlRvZDI2TUJ4cjFZNi01bTNwd0sxelNKQ2FHMGptZnpfTFFxcmVUeWxNVHROVGREX19qR1dwbVl6Z21TNGpFYmp2VDdGbmxSNjRwdEtZSE9GblUxNk42S1cxZ0JlRmY5NUZ0LWV4b2FzNHczT0NHRkp3WFU2QzhwbXBVUFF1TmhaQVlpcVJnY3hwc1VabG5EeDh6aEd6LUJhWjJEVWlvTzBQV19DMm9tT1JjQWVxMWZONmEzSGZUSlBFRzhVYk96YUJ0V3lxVjNIRG9UcHF1R0VKZ1dveVMxTWNRSU5MT1k2VEVpTUdobzNmc2hNSGUzRnk0X1gzTVV5dk4yR19nXw?oc=5\" target=\"_blank\" rel=\"noopener\">Guerre Isra\u00ebl-Iran : cinq frappes iraniennes ont atteint Isra\u00ebl ce lundi, T\u00e9h\u00e9ran promet une \u00ab\u00a0r\u00e9ponse ferme\u00a0\u00bb aux Am\u00e9ricains<\/a>&nbsp;&nbsp;France Info<\/li>\n<li><a href=\"https:\/\/news.google.com\/rss\/articles\/CBMi5wFBVV95cUxOVWVscmhlNWhTdVBJTWllVXYyNVVxaGZWRGFMQl81UFR6bF83eUtQYUtlWU1ucldZbTdYd3g3Z3loMmNmbUNTdlI4SkxHLUlVbF9MUWdWWDc5aUpmMGkyZEZZa3NrWE9OUFhDSTJWNTgwYzNPbUlGSjlYOTlwNU5VdnZMZ2VKTEgzMVRiWGpwZk1rby1weG1OV2tnNkJxajlZbExlTjc5VklfSm43YjFNOXlKZlV6ZEVoYnBUaEk1NWhycFBtYnMxblotNkw5X1Zia2NHTnh5LWtxQmhWcDk0UkR3UXQ2ZlE?oc=5\" target=\"_blank\" rel=\"noopener\">Isra\u00ebl frappe la prison d&rsquo;Evin \u00e0 T\u00e9h\u00e9ran o\u00f9 sont retenus les otages fran\u00e7ais C\u00e9cile Kohler et Jacques Paris<\/a>&nbsp;&nbsp;Marianne<\/li>\n<\/ol>\n","protected":false},"excerpt":{"rendered":"Frappes isra\u00e9liennes \u00ab sans pr\u00e9c\u00e9dent \u00bb ; menace iranienne sur le d\u00e9troit d\u2019Ormuz&nbsp;&nbsp;Mediapart L\u2019Europe dans une position intenable&hellip;\n","protected":false},"author":2,"featured_media":199248,"comment_status":"","ping_status":"","sticky":false,"template":"","format":"standard","meta":{"footnotes":""},"categories":[5],"tags":[11,1011,27,14,12,31,28],"class_list":{"0":"post-199247","1":"post","2":"type-post","3":"status-publish","4":"format-standard","5":"has-post-thumbnail","7":"category-international","8":"tag-actualites","9":"tag-fr","10":"tag-france","11":"tag-international","12":"tag-news","13":"tag-proche-et-moyen-orient","14":"tag-world"},"share_on_mastodon":{"url":"https:\/\/pubeurope.com\/@fr\/114735022262265631","error":""},"_links":{"self":[{"href":"https:\/\/www.europesays.com\/fr\/wp-json\/wp\/v2\/posts\/199247","targetHints":{"allow":["GET"]}}],"collection":[{"href":"https:\/\/www.europesays.com\/fr\/wp-json\/wp\/v2\/posts"}],"about":[{"href":"https:\/\/www.europesays.com\/fr\/wp-json\/wp\/v2\/types\/post"}],"author":[{"embeddable":true,"href":"https:\/\/www.europesays.com\/fr\/wp-json\/wp\/v2\/users\/2"}],"replies":[{"embeddable":true,"href":"https:\/\/www.europesays.com\/fr\/wp-json\/wp\/v2\/comments?post=199247"}],"version-history":[{"count":0,"href":"https:\/\/www.europesays.com\/fr\/wp-json\/wp\/v2\/posts\/199247\/revisions"}],"wp:featuredmedia":[{"embeddable":true,"href":"https:\/\/www.europesays.com\/fr\/wp-json\/wp\/v2\/media\/199248"}],"wp:attachment":[{"href":"https:\/\/www.europesays.com\/fr\/wp-json\/wp\/v2\/media?parent=199247"}],"wp:term":[{"taxonomy":"category","embeddable":true,"href":"https:\/\/www.europesays.com\/fr\/wp-json\/wp\/v2\/categories?post=199247"},{"taxonomy":"post_tag","embeddable":true,"href":"https:\/\/www.europesays.com\/fr\/wp-json\/wp\/v2\/tags?post=199247"}],"curies":[{"name":"wp","href":"https:\/\/api.w.org\/{rel}","templated":true}]}}