{"id":199260,"date":"2025-06-23T22:31:10","date_gmt":"2025-06-23T22:31:10","guid":{"rendered":"https:\/\/www.europesays.com\/fr\/199260\/"},"modified":"2025-06-23T22:31:10","modified_gmt":"2025-06-23T22:31:10","slug":"face-a-laugmentation-du-prix-du-gazole-les-toulonnais-preferent-anticiper","status":"publish","type":"post","link":"https:\/\/www.europesays.com\/fr\/199260\/","title":{"rendered":"Face \u00e0 l\u2019augmentation du prix du gazole, les Toulonnais \u00ab\u00a0pr\u00e9f\u00e8rent anticiper\u00a0\u00bb"},"content":{"rendered":"<p>Depuis quelques jours, les automobilistes fran\u00e7ais redoutent une hausse progressive du prix du gazole dans les stations-service. Une augmentation qui ne doit rien au hasard: elle s\u2019inscrit dans le contexte g\u00e9opolitique tendu, marqu\u00e9 par l\u2019escalade du conflit entre Isra\u00ebl et l\u2019Iran. Cette instabilit\u00e9 au Moyen-Orient, r\u00e9gion strat\u00e9gique pour l\u2019approvisionnement mondial en p\u00e9trole, provoque une flamb\u00e9e des cours du brut sur les march\u00e9s internationaux. Une situation qui alimente l\u2019inqui\u00e9tude des conducteurs fran\u00e7ais, d\u00e9j\u00e0 fragilis\u00e9s par l\u2019inflation et le co\u00fbt de la vie.<\/p>\n<p>\u00c0 la station-service TotalEnergies de Toulon, C\u00e9line fait partie de ces anxieux. La Toulonnaise, venue faire son plein, ne cache pas son agacement. \u00a0\u00bb Depuis plus de 5 ans, on subit des augmentations sur le prix du carburant, ce n\u2019est pas nouveau. Samedi, le gazole \u00e9tait \u00e0 1,56 euro. Aujourd\u2019hui, il est \u00e0 1,75 euro. C\u2019est du vol. On est vraiment pris pour des pigeons.\u00a0\u00bb<\/p>\n<p>Alors, pour anticiper, la quadrag\u00e9naire n\u2019h\u00e9sitera pas \u00e0 transgresser les r\u00e8gles. \u00ab\u00a0Tout \u00e0 l\u2019heure, nous irons remplir des jerricans d\u2019essence avec mon mari pour faire des r\u00e9serves, au cas o\u00f9.\u00a0\u00bb Tr\u00e8s pratique, mais non sans risque. <strong>Dans le principe, il est possible de stocker jusqu\u2019\u00e0 20 litres d\u2019essence<\/strong>, et de transporter jusqu\u2019\u00e0 cinq litres, maximum. Toutefois, la r\u00e8gle n\u2019autorise pas les automobilistes \u00e0 retirer cinq litres de carburant dans un bidon en pr\u00e9vision d\u2019une p\u00e9nurie. \u00ab\u00a0Il faut contourner les r\u00e8gles? \u00c7a m\u2019est \u00e9gal! Nous avions d\u00e9j\u00e0 fait de gros stocks par le pass\u00e9, lors des pr\u00e9c\u00e9dentes p\u00e9nuries. Dans notre maison, tout ce qui est interdit est meilleur \u00ab\u00a0, soutient C\u00e9line.<\/p>\n<blockquote>\n<p><strong>\u00ab\u00a0Je me suis dit que c\u2019\u00e9tait le moment de venir faire le plein\u00a0\u00bb<\/strong><\/p>\n<\/blockquote>\n<p>M\u00eame inqui\u00e9tude du c\u00f4t\u00e9 de Sophie, qui ne proc\u00e8de n\u00e9anmoins pas de la m\u00eame mani\u00e8re. \u00ab\u00a0J\u2019ai \u00e9cout\u00e9 les infos ce matin, et je me suis dit que c\u2019\u00e9tait le moment de venir faire le plein, avant que la situation ne se d\u00e9grade encore plus. Je pr\u00e9f\u00e8re anticiper. Par contre, je ne ferai pas de r\u00e9serves, car si tout le monde agit comme \u00e7a, on ne s\u2019en sortira pas.\u00a0\u00bb<\/p>\n<p>Romain, Parisien en vacances \u00e0 Toulon, ne pr\u00e9voit pas non plus de faire de r\u00e9serves anticip\u00e9es. Mais pour des raisons diff\u00e9rentes: \u00ab\u00a0Je suis commercial, c\u2019est la soci\u00e9t\u00e9 dans laquelle je travaille qui prend en charge la voiture ainsi que l\u2019essence, via une carte Total. C\u2019est ce qui fait que je ne ressens pas la hausse de la m\u00eame mani\u00e8re que ceux qui payent de leur poche, et que je n\u2019ai pas les m\u00eames craintes \u00e0 ce niveau-l\u00e0. Heureusement d\u2019ailleurs, car je viens de payer 70 euros pour 39 litres, et avec ce qu\u2019il se passe en ce moment au Moyen-Orient, ce n\u2019est pas pr\u00e8s de s\u2019arranger! Si je n\u2019avais pas la carte Total, je n\u2019aurais pas de voiture, je ne sais pas comment font les autres\u00a0\u00bb, assure-t-il.<\/p>\n<p>\u00c0 l\u2019int\u00e9rieur de la station-service, Ambrine voit d\u00e9filer les clients. Et constate: \u00ab\u00a0Ils sont anxieux depuis ce matin. Ils parlent tous d\u2019une hausse fulgurante \u00e0 venir, ou d\u2019une potentielle p\u00e9nurie. Les plus soucieux, ce sont les personnes \u00e2g\u00e9es. Un monsieur vient de me demander de faire 10 euros de gazole, c\u2019est ce qui lui manquait pour avoir le plein dans sa voiture. Il craignait de ne plus pouvoir le faire par la suite.\u00a0\u00bb<\/p>\n","protected":false},"excerpt":{"rendered":"Depuis quelques jours, les automobilistes fran\u00e7ais redoutent une hausse progressive du prix du gazole dans les stations-service. Une&hellip;\n","protected":false},"author":2,"featured_media":199261,"comment_status":"","ping_status":"","sticky":false,"template":"","format":"standard","meta":{"footnotes":""},"categories":[9619],"tags":[1111,11,33,1777,674,332,1011,27,12,882,25,2310],"class_list":{"0":"post-199260","1":"post","2":"type-post","3":"status-publish","4":"format-standard","5":"has-post-thumbnail","7":"category-toulon","8":"tag-actu","9":"tag-actualites","10":"tag-economie","11":"tag-eu","12":"tag-europe","13":"tag-faits-de-societe","14":"tag-fr","15":"tag-france","16":"tag-news","17":"tag-provence-alpes-cote-dazur","18":"tag-republique-francaise","19":"tag-toulon"},"share_on_mastodon":{"url":"https:\/\/pubeurope.com\/@fr\/114735053776206485","error":""},"_links":{"self":[{"href":"https:\/\/www.europesays.com\/fr\/wp-json\/wp\/v2\/posts\/199260","targetHints":{"allow":["GET"]}}],"collection":[{"href":"https:\/\/www.europesays.com\/fr\/wp-json\/wp\/v2\/posts"}],"about":[{"href":"https:\/\/www.europesays.com\/fr\/wp-json\/wp\/v2\/types\/post"}],"author":[{"embeddable":true,"href":"https:\/\/www.europesays.com\/fr\/wp-json\/wp\/v2\/users\/2"}],"replies":[{"embeddable":true,"href":"https:\/\/www.europesays.com\/fr\/wp-json\/wp\/v2\/comments?post=199260"}],"version-history":[{"count":0,"href":"https:\/\/www.europesays.com\/fr\/wp-json\/wp\/v2\/posts\/199260\/revisions"}],"wp:featuredmedia":[{"embeddable":true,"href":"https:\/\/www.europesays.com\/fr\/wp-json\/wp\/v2\/media\/199261"}],"wp:attachment":[{"href":"https:\/\/www.europesays.com\/fr\/wp-json\/wp\/v2\/media?parent=199260"}],"wp:term":[{"taxonomy":"category","embeddable":true,"href":"https:\/\/www.europesays.com\/fr\/wp-json\/wp\/v2\/categories?post=199260"},{"taxonomy":"post_tag","embeddable":true,"href":"https:\/\/www.europesays.com\/fr\/wp-json\/wp\/v2\/tags?post=199260"}],"curies":[{"name":"wp","href":"https:\/\/api.w.org\/{rel}","templated":true}]}}