{"id":199265,"date":"2025-06-23T22:34:12","date_gmt":"2025-06-23T22:34:12","guid":{"rendered":"https:\/\/www.europesays.com\/fr\/199265\/"},"modified":"2025-06-23T22:34:12","modified_gmt":"2025-06-23T22:34:12","slug":"top-14-le-prolifique-jordan-uelese-prolonge-laventure-avec-montpellier-jusquen-2028-sport","status":"publish","type":"post","link":"https:\/\/www.europesays.com\/fr\/199265\/","title":{"rendered":"Top 14. Le prolifique Jordan Uelese prolonge l\u2019aventure avec Montpellier jusqu\u2019en 2028 . Sport"},"content":{"rendered":"<p>Le talonneur international australien Jordan Uelese, qui \u00e9tait li\u00e9 jusqu\u2019en juin\u00a02026 avec Montpellier, a prolong\u00e9 son contrat jusqu\u2019en 2028, a annonc\u00e9 lundi le club h\u00e9raultais.<\/p>\n<p>Sept essais pour sa premi\u00e8re saison \u00e0 Montpellier<\/p>\n<p>Uelese (28\u00a0ans) a totalement convaincu les dirigeants pour sa premi\u00e8re saison au MHR, o\u00f9 il est arriv\u00e9 au cours de l\u2019\u00e9t\u00e9 en provenance de la franchise des Melbourne Rebels (2017-2024) pour remplacer son compatriote Brandon Paenga-Amosa.<\/p>\n<p>Ce solide athl\u00e8te (1,87\u00a0m, 116\u00a0kg) a inscrit sept essais toutes comp\u00e9titions confondues en 20\u00a0rencontres, dont 18\u00a0comme titulaire, et a devanc\u00e9 dans la hi\u00e9rarchie Christopher Tolofua.<\/p>\n<p><strong>Lire aussi\u00a0:<\/strong> <a href=\"https:\/\/rennes.maville.com\/sport\/detail_-rugby.-trois-mois-de-prison-avec-sursis-pour-fritz-lee-juge-pour-violence-sur-une-serveuse-_53511-6867192_actu.Htm\" target=\"_self\" rel=\"noopener\">Rugby. Trois mois de prison avec sursis pour Fritz Lee, jug\u00e9 pour violence sur une serveuse<\/a><\/p>\n<p>Uelese (17\u00a0s\u00e9lections) avait \u00e9t\u00e9 retenu par le s\u00e9lectionneur Eddie Jones pour participer \u00e0 la derni\u00e8re Coupe du monde en France avec les Wallabies sans disputer la moindre minute. Montpellier a boucl\u00e9 la saison \u00e0 la neuvi\u00e8me place du Top 14.<\/p>\n<p>\u00a0<\/p>\n","protected":false},"excerpt":{"rendered":"Le talonneur international australien Jordan Uelese, qui \u00e9tait li\u00e9 jusqu\u2019en juin\u00a02026 avec Montpellier, a prolong\u00e9 son contrat jusqu\u2019en&hellip;\n","protected":false},"author":2,"featured_media":199266,"comment_status":"","ping_status":"","sticky":false,"template":"","format":"standard","meta":{"footnotes":""},"categories":[9599],"tags":[1111,11,1438,3809,1465,1777,674,63,1011,27,1792,1922,2208,12,2680,25,479,517,1470],"class_list":{"0":"post-199265","1":"post","2":"type-post","3":"status-publish","4":"format-standard","5":"has-post-thumbnail","7":"category-montpellier","8":"tag-actu","9":"tag-actualites","10":"tag-angers","11":"tag-ball","12":"tag-basket","13":"tag-eu","14":"tag-europe","15":"tag-football","16":"tag-fr","17":"tag-france","18":"tag-handball","19":"tag-info","20":"tag-montpellier","21":"tag-news","22":"tag-occitanie","23":"tag-republique-francaise","24":"tag-rugby","25":"tag-sport","26":"tag-volley"},"share_on_mastodon":{"url":"https:\/\/pubeurope.com\/@fr\/114735065591250825","error":""},"_links":{"self":[{"href":"https:\/\/www.europesays.com\/fr\/wp-json\/wp\/v2\/posts\/199265","targetHints":{"allow":["GET"]}}],"collection":[{"href":"https:\/\/www.europesays.com\/fr\/wp-json\/wp\/v2\/posts"}],"about":[{"href":"https:\/\/www.europesays.com\/fr\/wp-json\/wp\/v2\/types\/post"}],"author":[{"embeddable":true,"href":"https:\/\/www.europesays.com\/fr\/wp-json\/wp\/v2\/users\/2"}],"replies":[{"embeddable":true,"href":"https:\/\/www.europesays.com\/fr\/wp-json\/wp\/v2\/comments?post=199265"}],"version-history":[{"count":0,"href":"https:\/\/www.europesays.com\/fr\/wp-json\/wp\/v2\/posts\/199265\/revisions"}],"wp:featuredmedia":[{"embeddable":true,"href":"https:\/\/www.europesays.com\/fr\/wp-json\/wp\/v2\/media\/199266"}],"wp:attachment":[{"href":"https:\/\/www.europesays.com\/fr\/wp-json\/wp\/v2\/media?parent=199265"}],"wp:term":[{"taxonomy":"category","embeddable":true,"href":"https:\/\/www.europesays.com\/fr\/wp-json\/wp\/v2\/categories?post=199265"},{"taxonomy":"post_tag","embeddable":true,"href":"https:\/\/www.europesays.com\/fr\/wp-json\/wp\/v2\/tags?post=199265"}],"curies":[{"name":"wp","href":"https:\/\/api.w.org\/{rel}","templated":true}]}}