{"id":199278,"date":"2025-06-23T22:43:12","date_gmt":"2025-06-23T22:43:12","guid":{"rendered":"https:\/\/www.europesays.com\/fr\/199278\/"},"modified":"2025-06-23T22:43:12","modified_gmt":"2025-06-23T22:43:12","slug":"la-ville-de-strasbourg-vote-un-jumelage-avec-un-camp-de-refugies-palestiniens","status":"publish","type":"post","link":"https:\/\/www.europesays.com\/fr\/199278\/","title":{"rendered":"La ville de Strasbourg vote un jumelage avec un camp de r\u00e9fugi\u00e9s palestiniens"},"content":{"rendered":"<p>Lundi 23 juin, lors du <a href=\"https:\/\/www.strasbourg.eu\/conseils-municipaux\" target=\"_blank\" rel=\"noopener nofollow\">conseil municipal (point 14)<\/a>, une grande majorit\u00e9 des conseillers a vot\u00e9 en faveur du jumelage de la ville de Strasbourg avec le camp palestinien d&rsquo;Aida. Au total, 48 voix se sont prononc\u00e9es pour, 10 voix contre et 5 absentions. Des chiffres qui posent question\u2026 Au mois de mai 2025, le maire \u00e9cologiste Jeanne Barseghian a <a href=\"https:\/\/information.tv5monde.com\/international\/strasbourg-adopte-un-jumelage-conteste-avec-un-camp-palestinien-2778167\" target=\"_blank\" rel=\"noopener nofollow\">gel\u00e9 le jumelage<\/a> entre Strasbourg et la ville de Ramat Gan, en Isra\u00ebl. Parall\u00e8lement, elle a re\u00e7u une d\u00e9l\u00e9gation palestinienne venue du camp de r\u00e9fugi\u00e9s d&rsquo;Aida, en Cisjordanie et annonc\u00e9 son intention de lancer un jumelage avec ce camp palestinien. C&rsquo;est d\u00e9sormais chose faite.<\/p>\n<p><img fetchpriority=\"high\" decoding=\"async\" class=\"alignnone size-medium wp-image-842203 aligncenter\" src=\"https:\/\/www.europesays.com\/fr\/wp-content\/uploads\/2025\/06\/vote-strasbourg-jumelage-camp-palestinien-310x241.png\" alt=\"\" width=\"310\" height=\"241\"\/><\/p>\n<p>Projet soumis \u00e0 une logique \u00e9lectorale<\/p>\n<p>Le maire a \u00e9t\u00e9 jusqu&rsquo;\u00e0 accepter, et avec fiert\u00e9, le cadeau de la d\u00e9l\u00e9gation du camp d&rsquo;Aida : une carte du territoire isra\u00e9lien sur laquelle Isra\u00ebl ne figure plus, on ne voit plus sur ce territoire que des drapeaux palestiniens&#8230; La communaut\u00e9 juive pr\u00e9sente \u00e0 Strasbourg est aujourd&rsquo;hui l&rsquo;une des plus importantes de France. Elle y est implant\u00e9e <a href=\"https:\/\/jguideeurope.org\/fr\/region\/france\/alsace\/strasbourg\/\" target=\"_blank\" rel=\"noopener nofollow\">depuis le XIIe si\u00e8cle<\/a>. Pas de quoi dissuader le maire. Gr\u00e9gor Puppinck, directeur du Centre europ\u00e9en pour le droit et la justice (ECLJ), strasbourgeois, r\u00e9pond \u00e0 BV. D&rsquo;apr\u00e8s lui,\u00a0pour rester au pouvoir, Jeanne Barseghian fait de Strasbourg \u00ab un m\u00e9lange d\u2019islamo-gauchisme, de wokisme et d&rsquo;\u00e9cologisme \u00bb. De son c\u00f4t\u00e9, la premi\u00e8re magistrate <a href=\"https:\/\/www.instagram.com\/p\/DKCRz2AM4b-\/?img_index=1\" target=\"_blank\" rel=\"noopener nofollow\">convoque les grands id\u00e9aux et<\/a> tient \u00e0 ce que sa \u00ab ville ne reste pas spectatrice face aux injustices \u00bb.<\/p>\n<p>Ville divis\u00e9e<\/p>\n<p>Le probl\u00e8me de ce jumelage ? Pour le directeur de l&rsquo;ECLJ, \u00ab c\u2019est un abus de pouvoir de la maire, une d\u00e9cision radicale et impos\u00e9e \u00bb. Le maire est-il attentive aux besoins des habitants qui ne sont pas musulmans ? La seule cons\u00e9quence pour eux est une ville divis\u00e9e, \u00ab polaris\u00e9e \u00bb, d&rsquo;apr\u00e8s Gr\u00e9gor Puppinck. \u00ab C&rsquo;est indigne d\u2019une maire de Strasbourg d&rsquo;utiliser une communaut\u00e9 contre une autre. \u00bb Les Alsaciens face aux musulmans. Une forte propagande p\u00e8se ainsi sur les Alsaciens, avec des manifestations presque chaque semaine, bien s\u00fbr toujours autoris\u00e9es par la mairie, rassemblant soit des islamo-gauchistes, soit des LGBT &#8211; au choix.<\/p>\n<p>\u00ab Je souhaite que ce jumelage soit le d\u00e9but d\u2019un lien fort, une coop\u00e9ration vivante, engag\u00e9e, solidaire \u00bb, <a href=\"https:\/\/www.instagram.com\/p\/DKAIh5Zsnjw\/\" target=\"_blank\" rel=\"noopener nofollow\">d\u00e9clare<\/a> le maire de Strasbourg. Pour Gr\u00e9gor Puppinck, \u00ab il faut r\u00e9ussir \u00e0 briser l&rsquo;alliance entre les musulmans radicaux et les \u00e9colo-bobos du centre-ville \u00bb. Une alliance tactique, parfaitement contre-nature mais pour l&rsquo;instant solide.<\/p>\n<p>                    <a href=\"#\" rel=\"nofollow\" onclick=\"window.print(); pfTrackEvent('La ville de Strasbourg vote un jumelage avec un camp de r\u00e9fugi\u00e9s palestiniens'); return false;\" title=\"Printer Friendly, PDF &amp; Email\"><br \/>\n                    <img decoding=\"async\" src=\"https:\/\/www.europesays.com\/fr\/wp-content\/uploads\/2025\/04\/printfriendly-icon-sm.png\" alt=\"Print Friendly, PDF &amp; Email\" class=\"pf-button-img\" style=\"width: 17px;height: 17px;\"\/>Imprimer, enregistrer en PDF cet article<br \/>\n                    <\/a><br \/>\n                <script async src=\"\/\/www.instagram.com\/embed.js\"><\/script><\/p>\n","protected":false},"excerpt":{"rendered":"Lundi 23 juin, lors du conseil municipal (point 14), une grande majorit\u00e9 des conseillers a vot\u00e9 en faveur&hellip;\n","protected":false},"author":2,"featured_media":199279,"comment_status":"","ping_status":"","sticky":false,"template":"","format":"standard","meta":{"footnotes":""},"categories":[2820],"tags":[1111,11,1777,674,1011,27,775,12,25,640],"class_list":{"0":"post-199278","1":"post","2":"type-post","3":"status-publish","4":"format-standard","5":"has-post-thumbnail","7":"category-strasbourg","8":"tag-actu","9":"tag-actualites","10":"tag-eu","11":"tag-europe","12":"tag-fr","13":"tag-france","14":"tag-grand-est","15":"tag-news","16":"tag-republique-francaise","17":"tag-strasbourg"},"share_on_mastodon":{"url":"https:\/\/pubeurope.com\/@fr\/114735101125038872","error":""},"_links":{"self":[{"href":"https:\/\/www.europesays.com\/fr\/wp-json\/wp\/v2\/posts\/199278","targetHints":{"allow":["GET"]}}],"collection":[{"href":"https:\/\/www.europesays.com\/fr\/wp-json\/wp\/v2\/posts"}],"about":[{"href":"https:\/\/www.europesays.com\/fr\/wp-json\/wp\/v2\/types\/post"}],"author":[{"embeddable":true,"href":"https:\/\/www.europesays.com\/fr\/wp-json\/wp\/v2\/users\/2"}],"replies":[{"embeddable":true,"href":"https:\/\/www.europesays.com\/fr\/wp-json\/wp\/v2\/comments?post=199278"}],"version-history":[{"count":0,"href":"https:\/\/www.europesays.com\/fr\/wp-json\/wp\/v2\/posts\/199278\/revisions"}],"wp:featuredmedia":[{"embeddable":true,"href":"https:\/\/www.europesays.com\/fr\/wp-json\/wp\/v2\/media\/199279"}],"wp:attachment":[{"href":"https:\/\/www.europesays.com\/fr\/wp-json\/wp\/v2\/media?parent=199278"}],"wp:term":[{"taxonomy":"category","embeddable":true,"href":"https:\/\/www.europesays.com\/fr\/wp-json\/wp\/v2\/categories?post=199278"},{"taxonomy":"post_tag","embeddable":true,"href":"https:\/\/www.europesays.com\/fr\/wp-json\/wp\/v2\/tags?post=199278"}],"curies":[{"name":"wp","href":"https:\/\/api.w.org\/{rel}","templated":true}]}}