{"id":199292,"date":"2025-06-23T22:50:12","date_gmt":"2025-06-23T22:50:12","guid":{"rendered":"https:\/\/www.europesays.com\/fr\/199292\/"},"modified":"2025-06-23T22:50:12","modified_gmt":"2025-06-23T22:50:12","slug":"une-mauvaise-nouvelle-pour-certains-habitants","status":"publish","type":"post","link":"https:\/\/www.europesays.com\/fr\/199292\/","title":{"rendered":"une mauvaise nouvelle pour certains habitants"},"content":{"rendered":"<p>            Par<br \/>\n        <strong><br \/>\n            <a href=\"https:\/\/actu.fr\/auteur\/lea-afonso\" title=\"Consulter tous les articles de L\u00e9a Afonso\" target=\"_blank\" rel=\"noopener\">L\u00e9a Afonso<\/a><br \/>\n        <\/strong><\/p>\n<p>        Publi\u00e9 le<\/p>\n<p>            23 juin 2025 \u00e0 18h36        <\/p>\n<p>Vendredi 20\u00a0juin 2025, en fin de matin\u00e9e, <a href=\"https:\/\/actu.fr\/occitanie\/toulouse_31555\/toulouse-elle-a-eu-le-temps-de-dire-j-entends-un-crac-avant-que-tout-s-effondre-dans-sa-maison_62802510.html\" target=\"_blank\" rel=\"noopener\">un effondrement s\u2019est produit au 6 rue Louis Mass\u00e9<\/a>, dans le quartier Bonnefoy \u00e0 Toulouse. Le <strong>plancher du salon<\/strong> d\u2019une maison s\u2019est <strong>affaiss\u00e9 de deux m\u00e8tres,<\/strong> <strong>laissant un trou b\u00e9ant<\/strong>. Une intervention d\u2019urgence a \u00e9t\u00e9 lanc\u00e9e\u2009: les \u00e9quipes de Tiss\u00e9o, accompagn\u00e9es de pompiers, policiers et g\u00e9ologues, sont rapidement intervenues. Cela a concern\u00e9 une<a href=\"https:\/\/actu.fr\/occitanie\/toulouse_31555\/toulouse-le-tunnelier-de-la-ligne-c-fissure-les-murs-de-3-maisons-a-bonnefoy-tisseo-reconnait-une-anomalie_62541002.html\" target=\"_blank\" rel=\"noopener\"> <strong>maison<\/strong> qui \u00e9tait pourtant <strong>surveill\u00e9e<\/strong> par des capteurs depuis plusieurs mois<\/a>, suite \u00e0 des fissures engendr\u00e9es par le passage du tunnelier qui creuse la future ligne C du m\u00e9tro. A peine trois jours apr\u00e8s l\u2019effondrement, les habitants ont enregistr\u00e9 un nouveau coup tr\u00e8s dur\u2009: ils ne pourront<strong> pas rentrer chez eux<\/strong> avant <strong>plusieurs semaines, voire plusieurs mois<\/strong> pour certains. Tiss\u00e9o s\u2019explique.<\/p>\n<p>    <a href=\"https:\/\/www.google.com\/maps\/embed?pb=!1m18!1m12!1m3!1d5776.803946937358!2d1.4507854831934153!3d43.6189918801511!2m3!1f0!2f0!3f0!3m2!1i1024!2i768!4f13.1!3m3!1m2!1s0x12aebcb080cd25a7%3A0x1a112359e9a75bf3!2s6%20Rue%20Louis%20Masse%2C%2031500%20Toulouse!5e0!3m2!1sfr!2sfr!4v1750689871038!5m2!1sfr!2sfr\" title=\"Ouvrie le lien\" target=\"_blank\" rel=\"noopener\">Cliquez ici pour visualiser le contenu<\/a><\/p>\n<p>Des signes avant-coureurs depuis plusieurs mois<\/p>\n<p class=\" wall-content\">Le quartier Bonnefoy est sous tension depuis le passage du tunnelier Marie-Th\u00e9r\u00e8se de Villeneuve-Arifat, qui progresse depuis le quartier Raisin vers Matabiau. \u00c0 son passage sous Bonnefoy \u2014 \u00e0 seulement dix m\u00e8tres de profondeur pour le point le plus haut \u2014 des anomalies ont \u00e9t\u00e9 d\u00e9tect\u00e9es.<\/p>\n<p class=\" wall-content\">\u00ab\u2009Le <strong>tunnelier<\/strong> a rencontr\u00e9 une zone de <strong>sol instable<\/strong>. Une l\u00e9g\u00e8re perte de pression a \u00e9t\u00e9 constat\u00e9e et compens\u00e9e par des injections de b\u00e9ton. Nous pensions le probl\u00e8me r\u00e9solu, mais des poches de sable sont apparues, ce qui a n\u00e9cessit\u00e9 la <strong>mise sous surveillance de certaines habitations<\/strong>\u2009\u00bb, explique <strong>Jean-Jacques Laporte, directeur des Grands Projets chez Tiss\u00e9o.<\/strong><\/p>\n<p>    <img   decoding=\"async\" loading=\"lazy\" src=\"https:\/\/www.europesays.com\/fr\/wp-content\/uploads\/2025\/06\/img-3378-960x640.jpg\" alt=\"Jean-Jacques Laporte, directeur des Grands Projets chez Tiss\u00e9o s'exprime suite \u00e0 l'affaissement du sol de cette maison\" width=\"960\" height=\"640\"\/><br \/>\n    Jean-Jacques Laporte, directeur des Grands Projets chez Tiss\u00e9o s\u2019exprime suite \u00e0 l\u2019affaissement du sol de cette maison (\u00a9L\u00e9a Afonso \/ Actu Toulouse)<\/p>\n<p class=\" wall-content\">Des fissures inqui\u00e9tantes \u00e9taient en effet apparues sur plusieurs fa\u00e7ades. \u00ab\u2009Il y a deux mois, nous avons d\u00e9ploy\u00e9 des <strong>capteurs<\/strong> dans la rue pour <strong>suivre l\u2019\u00e9volution de ces fissures<\/strong>. Jusqu\u2019\u00e0 r\u00e9cemment, aucune alerte majeure n\u2019avait \u00e9t\u00e9 relev\u00e9e\u2009\u00bb, poursuit-il. Mais la semaine derni\u00e8re, un capteur a d\u00e9tect\u00e9 un mouvement anormal. Un plan d\u2019investigation devait \u00eatre mis en place, mais l\u2019effondrement est survenu avant que les machines ne soient achemin\u00e9es.<\/p>\n<p>Une \u00e9vacuation d\u2019urgence<\/p>\n<p class=\" wall-content\">Au total, 47 sapeurs-pompiers, des policiers, le SAMU, les \u00e9quipes Tiss\u00e9o et des g\u00e9ologues sont intervenus sur les lieux ce vendredi 20\u00a0juin. \u00ab<strong>\u200924\u00a0personnes ont \u00e9t\u00e9 \u00e9vacu\u00e9es, six b\u00e2timents ont \u00e9t\u00e9 isol\u00e9s, deux autres par pr\u00e9caution<\/strong>\u2009\u00bb, indique Jean-Jacques Laporte. La rue a imm\u00e9diatement \u00e9t\u00e9 boucl\u00e9e.<\/p>\n<p>Pas revenir avant \u00ab\u2009plusieurs mois\u2009\u00bb<\/p>\n<p class=\" wall-content\">\u00ab\u2009Les pompiers ont tout de suite d\u00e9fini une zone d\u2019action prioritaire. Puis tard dans la soir\u00e9e, apr\u00e8s passage des experts, plusieurs dizaines de m\u00e8tres cubes de b\u00e9ton ont \u00e9t\u00e9 inject\u00e9es dans ce trou au num\u00e9ro\u00a06, pour le reboucher\u2009\u00bb, compl\u00e8te le directeur de Grands Projets.<\/p>\n<p>    <img   decoding=\"async\" loading=\"lazy\" src=\"https:\/\/www.europesays.com\/fr\/wp-content\/uploads\/2025\/06\/photo-2025-06-20-15-18-16-1-960x640.jpg\" alt=\"Le trou b\u00e9ant au milieu du salon de la maison du 6 rue Louis Mass\u00e9 \" width=\"960\" height=\"640\"\/><br \/>\n    Le trou b\u00e9ant au milieu du salon de la maison du 6 rue Louis Mass\u00e9 (\u00a9Photo fournie par Rodolphe)<\/p>\n<p class=\" wall-content\">Mais les nouvelles tomb\u00e9es le lendemain se sont av\u00e9r\u00e9es dures pour les habitants\u2009: \u00ab\u2009Les experts ont annonc\u00e9 aux <strong>habitants<\/strong> des <strong>num\u00e9ros\u00a04, 6 et\u00a08 rue Louis Mass\u00e9<\/strong>, qu\u2019ils ne pourraient<strong> pas revenir avant plusieurs mois<\/strong>\u2009\u00bb, indique Tiss\u00e9o. Aucune date pr\u00e9cise n\u2019a encore \u00e9t\u00e9 avanc\u00e9e.<\/p>\n<p>Des maisons inaccessibles<\/p>\n<p class=\" wall-content\">M\u00eame les maisons \u00e9pargn\u00e9es par les d\u00e9g\u00e2ts directs restent inaccessibles. Les num\u00e9ros\u00a0<strong>5 et\u00a07 de la rue Louis Mass\u00e9<\/strong>, \u00ab\u2009ne pr\u00e9sentent aucun probl\u00e8me\u2009\u00bb mais restent <strong>inoccup\u00e9s<\/strong>, car la <strong>portion de rue concern\u00e9e est interdite d\u2019acc\u00e8s<\/strong>. \u00ab\u2009<strong>Trois maisons<\/strong> de la rue parall\u00e8le,<strong> rue B\u00e9teille<\/strong>, ont \u00e9galement \u00e9t\u00e9 <strong>\u00e9vacu\u00e9es<\/strong> pour plusieurs semaines parce que leurs jardins donnent sur l\u2019arri\u00e8re la maison concern\u00e9e par l\u2019effondrement\u2009\u00bb, ajoute Jean-Jacques Laporte.<\/p>\n<p>    <img   decoding=\"async\" loading=\"lazy\" src=\"https:\/\/www.europesays.com\/fr\/wp-content\/uploads\/2025\/06\/img-3384-960x640.jpg\" alt=\"Rue B\u00e9teille, les num\u00e9ros 5-7 et 9 ont, eux aussi, \u00e9t\u00e9 \u00e9vacu\u00e9s, car les jardins donnent sur la la maison au trou\" width=\"960\" height=\"640\"\/><br \/>\n    Rue B\u00e9teille, les num\u00e9ros\u00a05-7 et 9 ont, eux aussi, \u00e9t\u00e9 \u00e9vacu\u00e9s, car les jardins donnent sur la maison au trou (\u00a9L\u00e9a Afonso \/ Actu Toulouse)<\/p>\n<p class=\" wall-content\">Seuls les habitants des num\u00e9ros\u00a03 et\u00a09 rue Louis Mass\u00e9 ont pu regagner leur domicile.<\/p>\n<p>Relogement et prise en charge par Tiss\u00e9o<\/p>\n<p class=\" wall-content\">Tiss\u00e9o a rapidement mis en place des solutions de relogement provisoires. \u00ab\u2009Une <strong>dizaine de logements ont \u00e9t\u00e9 trouv\u00e9s en urgence<\/strong>, principalement des appart-h\u00f4tels. Les habitants y resteront jusqu\u2019\u00e0 d\u00e9but juillet, le temps de mettre en place des solutions plus durables pour ceux qui ne pourront pas rentrer avant plusieurs mois\u2009\u00bb, indique Jean-Jacques Laporte.<\/p>\n<p class=\" wall-content\">La soci\u00e9t\u00e9 affirme assumer l\u2019int\u00e9gralit\u00e9 des frais li\u00e9s aux relogements\u2009:<\/p>\n<blockquote class=\"ac-article-quote wall-content\">\n<p>\u00ab Sur les 3 milliards d\u2019euros de budget allou\u00e9s \u00e0 la ligne C, une enveloppe de plusieurs centaines de milliers d\u2019euros est pr\u00e9vue pour ce type d\u2019impr\u00e9vus \u00bb<\/p>\n<p>    <strong>Jean-Jacques Laporte <\/strong><br \/>\n        Directeur des Grands Projets Tiss\u00e9o    <\/p><\/blockquote>\n<p>Le chantier continue, avec encore plus de pr\u00e9cautions<\/p>\n<p class=\" wall-content\">Si cet accident sur le chantier survient alors qu\u2019un tiers du trac\u00e9 de cette future ligne est d\u00e9j\u00e0 creus\u00e9, Tiss\u00e9o affirme que le <strong>calendrier de livraison n\u2019est pas remis en cause<\/strong>. \u00ab\u2009Nous allons cependant faire plus de sondages aupr\u00e8s des riverains concernant d\u2019\u00e9ventuels probl\u00e8mes, et notamment nous focaliser sur les zones les plus \u00e0 risques pas encore creus\u00e9s\u2009\u00bb.<\/p>\n<p class=\" wall-content\">La vigilance sera plus que jamais le ma\u00eetre-mot du chantier\u2009: <strong>\u00ab\u2009L\u00e0, on a eu un signalement, on aurait d\u00fb aller plus loin que ce que les capteurs montraient\u2009\u00bb.<\/strong><\/p>\n<p class=\" wall-content\">Suivez toute l\u2019actualit\u00e9 de vos villes et m\u00e9dias favoris en vous inscrivant \u00e0 <a href=\"https:\/\/moncompte.actu.fr\" title=\"D\u00e9couvez Mon Actu\" rel=\"nofollow noopener\" data-trk=\"{&quot;cta&quot;:{&quot;action&quot;:&quot;https:\\\/\\\/moncompte.actu.fr&quot;,&quot;category&quot;:&quot;mon compte&quot;,&quot;from&quot;:&quot;article footer&quot;,&quot;name&quot;:&quot;Mon actu&quot;,&quot;type&quot;:&quot;cta&quot;}}\" target=\"_blank\">Mon Actu<\/a>.<\/p>\n<ul class=\"ac-article-tag wall-content\">\n<li><a href=\"https:\/\/actu.fr\/tag\/ligne-c-du-metro-de-toulouse\" data-trk=\"{&quot;cta&quot;:{&quot;action&quot;:&quot;Ligne C du m\\u00e9tro de Toulouse&quot;,&quot;category&quot;:&quot;tag&quot;,&quot;from&quot;:&quot;article footer&quot;,&quot;name&quot;:&quot;Ligne C du m\\u00e9tro de Toulouse&quot;,&quot;type&quot;:&quot;cta&quot;}}\" target=\"_blank\" rel=\"noopener\">#Ligne C du m\u00e9tro de Toulouse<\/a><\/li>\n<li><a href=\"https:\/\/actu.fr\/tag\/tisseo\" data-trk=\"{&quot;cta&quot;:{&quot;action&quot;:&quot;Tiss\\u00e9o&quot;,&quot;category&quot;:&quot;tag&quot;,&quot;from&quot;:&quot;article footer&quot;,&quot;name&quot;:&quot;Tiss\\u00e9o&quot;,&quot;type&quot;:&quot;cta&quot;}}\" target=\"_blank\" rel=\"noopener\">#Tiss\u00e9o<\/a><\/li>\n<\/ul>\n","protected":false},"excerpt":{"rendered":"Par L\u00e9a Afonso Publi\u00e9 le 23 juin 2025 \u00e0 18h36 Vendredi 20\u00a0juin 2025, en fin de matin\u00e9e, un&hellip;\n","protected":false},"author":2,"featured_media":199293,"comment_status":"","ping_status":"","sticky":false,"template":"","format":"standard","meta":{"footnotes":""},"categories":[2816],"tags":[1111,11,1777,674,118,1011,27,5224,12,2680,25,5400,2312],"class_list":{"0":"post-199292","1":"post","2":"type-post","3":"status-publish","4":"format-standard","5":"has-post-thumbnail","7":"category-toulouse","8":"tag-actu","9":"tag-actualites","10":"tag-eu","11":"tag-europe","12":"tag-faits-divers","13":"tag-fr","14":"tag-france","15":"tag-ligne-c-du-metro-de-toulouse","16":"tag-news","17":"tag-occitanie","18":"tag-republique-francaise","19":"tag-tisseo","20":"tag-toulouse"},"share_on_mastodon":{"url":"https:\/\/pubeurope.com\/@fr\/114735128556994527","error":""},"_links":{"self":[{"href":"https:\/\/www.europesays.com\/fr\/wp-json\/wp\/v2\/posts\/199292","targetHints":{"allow":["GET"]}}],"collection":[{"href":"https:\/\/www.europesays.com\/fr\/wp-json\/wp\/v2\/posts"}],"about":[{"href":"https:\/\/www.europesays.com\/fr\/wp-json\/wp\/v2\/types\/post"}],"author":[{"embeddable":true,"href":"https:\/\/www.europesays.com\/fr\/wp-json\/wp\/v2\/users\/2"}],"replies":[{"embeddable":true,"href":"https:\/\/www.europesays.com\/fr\/wp-json\/wp\/v2\/comments?post=199292"}],"version-history":[{"count":0,"href":"https:\/\/www.europesays.com\/fr\/wp-json\/wp\/v2\/posts\/199292\/revisions"}],"wp:featuredmedia":[{"embeddable":true,"href":"https:\/\/www.europesays.com\/fr\/wp-json\/wp\/v2\/media\/199293"}],"wp:attachment":[{"href":"https:\/\/www.europesays.com\/fr\/wp-json\/wp\/v2\/media?parent=199292"}],"wp:term":[{"taxonomy":"category","embeddable":true,"href":"https:\/\/www.europesays.com\/fr\/wp-json\/wp\/v2\/categories?post=199292"},{"taxonomy":"post_tag","embeddable":true,"href":"https:\/\/www.europesays.com\/fr\/wp-json\/wp\/v2\/tags?post=199292"}],"curies":[{"name":"wp","href":"https:\/\/api.w.org\/{rel}","templated":true}]}}