{"id":1993,"date":"2025-04-04T05:38:09","date_gmt":"2025-04-04T05:38:09","guid":{"rendered":"https:\/\/www.europesays.com\/fr\/1993\/"},"modified":"2025-04-04T05:38:09","modified_gmt":"2025-04-04T05:38:09","slug":"cette-jeune-artiste-est-une-specialiste-des-fresques-murales","status":"publish","type":"post","link":"https:\/\/www.europesays.com\/fr\/1993\/","title":{"rendered":"cette jeune artiste est une sp\u00e9cialiste des fresques murales"},"content":{"rendered":"<p>            Par<br \/>\n        <strong><br \/>\n            <a href=\"https:\/\/actu.fr\/auteur\/redaction-jv\" title=\"Consulter tous les articles de R\u00e9daction Vitr\u00e9\" rel=\"nofollow noopener\" target=\"_blank\">R\u00e9daction Vitr\u00e9<\/a><br \/>\n        <\/strong><\/p>\n<p>        Publi\u00e9 le<\/p>\n<p>            3 avr. 2025 \u00e0 12h07        <\/p>\n<p><b>Marina Flouriot<\/b>, une habitante de <b>Corps-Nuds<\/b> (Ille-et-Vilaine), est une jeune artiste sp\u00e9cialis\u00e9e dans les <b>r\u00e9alisations de fresques murales<\/b>.<\/p>\n<p class=\" wall-content\">\u00ab\u2009Je me suis form\u00e9e pendant un an aupr\u00e8s d\u2019une r\u00e9alisatrice de fresques murales\u2009\u00bb, explique l\u2019artiste qui exerce le m\u00e9tier depuis un an.<\/p>\n<p class=\" wall-content\">\u00ab\u2009Le m\u00e9tier se d\u00e9veloppe au gr\u00e9 de l\u2019\u00e9volution des d\u00e9cors des tapisseries\u2009\u00bb, pr\u00e9cise Marina Flouriot.<\/p>\n<p>\u00ab\u2009Je dessine partout, l\u00e0 o\u00f9 il y a un mur\u2009!\u2009\u00bb<\/p>\n<p class=\" wall-content\">R\u00e9cemment, Marina a r\u00e9alis\u00e9 une fresque dans la nouvelle salle de l\u2019Atelier des Demoiselles.<\/p>\n<p class=\" wall-content\">\u00ab\u2009Aur\u00e9lie, la g\u00e9rante de la boutique, m\u2019a demand\u00e9 de dessiner en noir et blanc une fresque murale dans la salle Libellule qui sera ouverte bient\u00f4t aux s\u00e9ances du bien-\u00eatre avec des s\u00e9ances de yoga et des conf\u00e9rences. Aur\u00e9lie souhaitait une fresque avec une th\u00e9matique sur la nature.\u2009\u00bb<\/p>\n<p>Vid\u00e9os : en ce moment sur Actu<\/p>\n<p class=\" wall-content\">Ma\u00eetrisant son art, Marina Flouriot a dessin\u00e9 avec des marqueurs permanents une libellule entour\u00e9e de diverses plantes florales dont un coquelicot, plante populaire originaire d\u2019Afrique du Nord et d\u2019Eurasie qui porte une profonde signification symbolique de libert\u00e9 et d\u2019endurance.<\/p>\n<p class=\" wall-content\">\u00ab\u2009Je dessine partout, l\u00e0 o\u00f9 il y a un mur\u2009!\u2009\u00bb<\/p>\n<p class=\" wall-content\">Marina r\u00e9alise des dessins d\u00e9coratifs pour sublimer des espaces et des souvenirs pour des particuliers, professionnels, entreprises, cr\u00e8ches et des \u00e9coles.<\/p>\n<p>Contact\u2009: 06\u200911\u200920\u200906\u200981 ou mail\u2009: <a href=\"https:\/\/actu.fr\/cdn-cgi\/l\/email-protection\" class=\"__cf_email__\" data-cfemail=\"ddb0bcafb4b3bcf3bbb1b2a8afb4b2a99dbab0bcb4b1f3beb2b0\" rel=\"nofollow noopener\" target=\"_blank\">[email\u00a0protected]<\/a>.<\/p>\n<p class=\" wall-content\">Suivez toute l\u2019actualit\u00e9 de vos villes et m\u00e9dias favoris en vous inscrivant \u00e0 <a href=\"https:\/\/moncompte.actu.fr\" title=\"D\u00e9couvez Mon Actu\" rel=\"nofollow noopener\" data-trk=\"{&quot;cta&quot;:{&quot;action&quot;:&quot;https:\\\/\\\/moncompte.actu.fr&quot;,&quot;category&quot;:&quot;mon compte&quot;,&quot;from&quot;:&quot;article footer&quot;,&quot;name&quot;:&quot;Mon actu&quot;,&quot;type&quot;:&quot;cta&quot;}}\" target=\"_blank\">Mon Actu<\/a>.<\/p>\n","protected":false},"excerpt":{"rendered":"Par R\u00e9daction Vitr\u00e9 Publi\u00e9 le 3 avr. 2025 \u00e0 12h07 Marina Flouriot, une habitante de Corps-Nuds (Ille-et-Vilaine), est&hellip;\n","protected":false},"author":2,"featured_media":1994,"comment_status":"","ping_status":"","sticky":false,"template":"","format":"standard","meta":{"footnotes":""},"categories":[1358],"tags":[1477,1348,1384,1385,1386,58,59,1011,27,104],"class_list":{"0":"post-1993","1":"post","2":"type-post","3":"status-publish","4":"format-standard","5":"has-post-thumbnail","7":"category-arts-et-design","8":"tag-artisanat","9":"tag-arts","10":"tag-arts-and-design","11":"tag-arts-et-design","12":"tag-design","13":"tag-divertissement","14":"tag-entertainment","15":"tag-fr","16":"tag-france","17":"tag-societe"},"share_on_mastodon":{"url":"https:\/\/pubeurope.com\/@fr\/114278085846742164","error":""},"_links":{"self":[{"href":"https:\/\/www.europesays.com\/fr\/wp-json\/wp\/v2\/posts\/1993","targetHints":{"allow":["GET"]}}],"collection":[{"href":"https:\/\/www.europesays.com\/fr\/wp-json\/wp\/v2\/posts"}],"about":[{"href":"https:\/\/www.europesays.com\/fr\/wp-json\/wp\/v2\/types\/post"}],"author":[{"embeddable":true,"href":"https:\/\/www.europesays.com\/fr\/wp-json\/wp\/v2\/users\/2"}],"replies":[{"embeddable":true,"href":"https:\/\/www.europesays.com\/fr\/wp-json\/wp\/v2\/comments?post=1993"}],"version-history":[{"count":0,"href":"https:\/\/www.europesays.com\/fr\/wp-json\/wp\/v2\/posts\/1993\/revisions"}],"wp:featuredmedia":[{"embeddable":true,"href":"https:\/\/www.europesays.com\/fr\/wp-json\/wp\/v2\/media\/1994"}],"wp:attachment":[{"href":"https:\/\/www.europesays.com\/fr\/wp-json\/wp\/v2\/media?parent=1993"}],"wp:term":[{"taxonomy":"category","embeddable":true,"href":"https:\/\/www.europesays.com\/fr\/wp-json\/wp\/v2\/categories?post=1993"},{"taxonomy":"post_tag","embeddable":true,"href":"https:\/\/www.europesays.com\/fr\/wp-json\/wp\/v2\/tags?post=1993"}],"curies":[{"name":"wp","href":"https:\/\/api.w.org\/{rel}","templated":true}]}}