{"id":199313,"date":"2025-06-23T23:02:11","date_gmt":"2025-06-23T23:02:11","guid":{"rendered":"https:\/\/www.europesays.com\/fr\/199313\/"},"modified":"2025-06-23T23:02:11","modified_gmt":"2025-06-23T23:02:11","slug":"la-reinstallation-dune-premiere-statue-de-la-fleche-de-notre-dame-de-paris-est-effective","status":"publish","type":"post","link":"https:\/\/www.europesays.com\/fr\/199313\/","title":{"rendered":"La r\u00e9installation d&rsquo;une premi\u00e8re statue de la fl\u00e8che de Notre-Dame de Paris est effective"},"content":{"rendered":"<p class=\"ap-StoryElement ap-StoryElement--mb ap-StoryText\">A l&rsquo;issue de 700 millions d&rsquo;euros de travaux, ce chef-d&rsquo;oeuvre gothique du XIIe si\u00e8cle a rouvert ses portes au public d\u00e9but d\u00e9cembre mais reste encore aujourd&rsquo;hui partiellement ceint d&rsquo;\u00e9chafaudages pour parachever sa r\u00e9novation.<\/p>\n<p class=\"ap-StoryElement ap-StoryElement--mb ap-StoryText\">Le retour \u00e0 Notre-Dame de cette premi\u00e8re statue, avant les 15 autres d&rsquo;ici \u00e0 la fin juillet, est un \u00ab\u00a0nouveau grand moment de la restauration (&#8230;) de notre cath\u00e9drale\u00a0\u00bb, a salu\u00e9 l&rsquo;archev\u00eaque de Paris, Mgr Laurent Ulrich, qui a b\u00e9ni la sculpture avant qu&rsquo;elle ne s&rsquo;\u00e9l\u00e8ve dans les airs.<\/p>\n<p class=\"ap-StoryElement ap-StoryElement--mb ap-StoryText\">Dessin\u00e9es en 1857 par l&rsquo;architecte Viollet-le-Duc, ces 16 statues de 3,4 m\u00e8tres de haut avaient \u00e9t\u00e9 r\u00e9nov\u00e9es entre 2019 et 2021 en Dordogne (sud-ouest) et \u00e9taient, depuis d\u00e9but 2023, expos\u00e9es \u00e0 la Cit\u00e9 de l&rsquo;architecture \u00e0 Paris.<\/p>\n<p class=\"ap-StoryElement ap-StoryElement--mb ap-StoryText\">C&rsquo;est le prochain ach\u00e8vement des travaux de couverture de la fl\u00e8che qui a permis de d\u00e9buter le retour des statues \u00e0 leur emplacement d&rsquo;origine.<\/p>\n<p class=\"ap-StoryElement ap-StoryElement--mb ap-StoryText\">La r\u00e9novation des 16 statues a co\u00fbt\u00e9 environ 1,4 million d&rsquo;euros, dont 85% ont \u00e9t\u00e9 r\u00e9unis par la Fondation Notre-Dame.<\/p>\n","protected":false},"excerpt":{"rendered":"A l&rsquo;issue de 700 millions d&rsquo;euros de travaux, ce chef-d&rsquo;oeuvre gothique du XIIe si\u00e8cle a rouvert ses portes&hellip;\n","protected":false},"author":2,"featured_media":199314,"comment_status":"","ping_status":"","sticky":false,"template":"","format":"standard","meta":{"footnotes":""},"categories":[1888],"tags":[11,251,1777,674,1011,27,1116,1310,12,626,2551,25],"class_list":{"0":"post-199313","1":"post","2":"type-post","3":"status-publish","4":"format-standard","5":"has-post-thumbnail","7":"category-paris","8":"tag-actualites","9":"tag-culture","10":"tag-eu","11":"tag-europe","12":"tag-fr","13":"tag-france","14":"tag-immobilier","15":"tag-incendie","16":"tag-news","17":"tag-paris","18":"tag-patrimoine","19":"tag-republique-francaise"},"share_on_mastodon":{"url":"https:\/\/pubeurope.com\/@fr\/114735175643181393","error":""},"_links":{"self":[{"href":"https:\/\/www.europesays.com\/fr\/wp-json\/wp\/v2\/posts\/199313","targetHints":{"allow":["GET"]}}],"collection":[{"href":"https:\/\/www.europesays.com\/fr\/wp-json\/wp\/v2\/posts"}],"about":[{"href":"https:\/\/www.europesays.com\/fr\/wp-json\/wp\/v2\/types\/post"}],"author":[{"embeddable":true,"href":"https:\/\/www.europesays.com\/fr\/wp-json\/wp\/v2\/users\/2"}],"replies":[{"embeddable":true,"href":"https:\/\/www.europesays.com\/fr\/wp-json\/wp\/v2\/comments?post=199313"}],"version-history":[{"count":0,"href":"https:\/\/www.europesays.com\/fr\/wp-json\/wp\/v2\/posts\/199313\/revisions"}],"wp:featuredmedia":[{"embeddable":true,"href":"https:\/\/www.europesays.com\/fr\/wp-json\/wp\/v2\/media\/199314"}],"wp:attachment":[{"href":"https:\/\/www.europesays.com\/fr\/wp-json\/wp\/v2\/media?parent=199313"}],"wp:term":[{"taxonomy":"category","embeddable":true,"href":"https:\/\/www.europesays.com\/fr\/wp-json\/wp\/v2\/categories?post=199313"},{"taxonomy":"post_tag","embeddable":true,"href":"https:\/\/www.europesays.com\/fr\/wp-json\/wp\/v2\/tags?post=199313"}],"curies":[{"name":"wp","href":"https:\/\/api.w.org\/{rel}","templated":true}]}}