{"id":199325,"date":"2025-06-23T23:08:10","date_gmt":"2025-06-23T23:08:10","guid":{"rendered":"https:\/\/www.europesays.com\/fr\/199325\/"},"modified":"2025-06-23T23:08:10","modified_gmt":"2025-06-23T23:08:10","slug":"le-secteur-prive-renoue-avec-la-croissance-en-juin","status":"publish","type":"post","link":"https:\/\/www.europesays.com\/fr\/199325\/","title":{"rendered":"Le secteur priv\u00e9 renoue avec la croissance en juin\u00a0"},"content":{"rendered":"<p>L&rsquo;indice PMI composite, qui comprend \u00e0 la fois le secteur des services et le secteur manufacturier, est ressorti \u00e0 50,4 en juin apr\u00e8s 48,5 en mai. Les \u00e9conomistes interrog\u00e9s par Reuters l&rsquo;attendaient en moyenne \u00e0 49,0.<\/p>\n<p>La barre des 50 s\u00e9pare croissance et contraction de l&rsquo;activit\u00e9.<\/p>\n<p>Le secteur des services a n\u00e9anmoins continu\u00e9 \u00e0 se contracter ce mois-ci mais \u00e0 un rythme plus lent, avec un PMI flash des services \u00e0 49,4 contre 47,1 en mai et 47,5 attendu par les \u00e9conomistes. <\/p>\n<p>Le PMI pr\u00e9liminaire pour le secteur manufacturier est quant \u00e0 lui ressorti \u00e0 49,0, conform\u00e9ment aux attentes et apr\u00e8s 48,3 en mai. <\/p>\n<p>\u00ab\u00a0Il semble que le secteur manufacturier allemand soit enfin en train de remonter la pente\u00a0\u00bb, a d\u00e9clar\u00e9 Cyrus de la Rubia, \u00e9conomiste chez Hamburg Commercial Bank.<\/p>\n<p>Ces donn\u00e9es renforcent un optimisme prudent en Allemagne alors que le pays s&rsquo;efforce d&rsquo;\u00e9viter une troisi\u00e8me ann\u00e9e cons\u00e9cutive de r\u00e9cession en 2025, apr\u00e8s le rel\u00e8vement des pr\u00e9visions de croissance par quatre instituts allemands en d\u00e9but de mois.<\/p>\n<p> (r\u00e9dig\u00e9 par Rachel More et Miranda Murray ; version fran\u00e7aise Bertrand De Meyer, \u00e9dit\u00e9 par Bertrand Boucey)<\/p>\n","protected":false},"excerpt":{"rendered":"L&rsquo;indice PMI composite, qui comprend \u00e0 la fois le secteur des services et le secteur manufacturier, est ressorti&hellip;\n","protected":false},"author":2,"featured_media":199326,"comment_status":"","ping_status":"","sticky":false,"template":"","format":"standard","meta":{"footnotes":""},"categories":[1587],"tags":[11,672,1804,1805,2125,1803,1777,674,1801,2124,12,1802],"class_list":{"0":"post-199325","1":"post","2":"type-post","3":"status-publish","4":"format-standard","5":"has-post-thumbnail","7":"category-allemagne","8":"tag-actualites","9":"tag-allemagne","10":"tag-bundesrepublik-deutschland","11":"tag-de","12":"tag-depeches-reuters","13":"tag-deutschland","14":"tag-eu","15":"tag-europe","16":"tag-germany","17":"tag-infos-reuters","18":"tag-news","19":"tag-republique-federale-dallemagne"},"share_on_mastodon":{"url":"https:\/\/pubeurope.com\/@fr\/114735199191118505","error":""},"_links":{"self":[{"href":"https:\/\/www.europesays.com\/fr\/wp-json\/wp\/v2\/posts\/199325","targetHints":{"allow":["GET"]}}],"collection":[{"href":"https:\/\/www.europesays.com\/fr\/wp-json\/wp\/v2\/posts"}],"about":[{"href":"https:\/\/www.europesays.com\/fr\/wp-json\/wp\/v2\/types\/post"}],"author":[{"embeddable":true,"href":"https:\/\/www.europesays.com\/fr\/wp-json\/wp\/v2\/users\/2"}],"replies":[{"embeddable":true,"href":"https:\/\/www.europesays.com\/fr\/wp-json\/wp\/v2\/comments?post=199325"}],"version-history":[{"count":0,"href":"https:\/\/www.europesays.com\/fr\/wp-json\/wp\/v2\/posts\/199325\/revisions"}],"wp:featuredmedia":[{"embeddable":true,"href":"https:\/\/www.europesays.com\/fr\/wp-json\/wp\/v2\/media\/199326"}],"wp:attachment":[{"href":"https:\/\/www.europesays.com\/fr\/wp-json\/wp\/v2\/media?parent=199325"}],"wp:term":[{"taxonomy":"category","embeddable":true,"href":"https:\/\/www.europesays.com\/fr\/wp-json\/wp\/v2\/categories?post=199325"},{"taxonomy":"post_tag","embeddable":true,"href":"https:\/\/www.europesays.com\/fr\/wp-json\/wp\/v2\/tags?post=199325"}],"curies":[{"name":"wp","href":"https:\/\/api.w.org\/{rel}","templated":true}]}}