{"id":199328,"date":"2025-06-23T23:10:13","date_gmt":"2025-06-23T23:10:13","guid":{"rendered":"https:\/\/www.europesays.com\/fr\/199328\/"},"modified":"2025-06-23T23:10:13","modified_gmt":"2025-06-23T23:10:13","slug":"kvara-a-eu-bon-dos-de-marquer-doue-de-sactiver-paris-a-besoin-de-dembele","status":"publish","type":"post","link":"https:\/\/www.europesays.com\/fr\/199328\/","title":{"rendered":"Kvara a eu bon dos de marquer, Dou\u00e9 de s&rsquo;activer, Paris a besoin de Demb\u00e9l\u00e9"},"content":{"rendered":"<p>D\u00e9sir\u00e9 Dou\u00e9 a \u00e9t\u00e9 le plus dangereux, Khvicha Kvaratskhelia a marqu\u00e9 involontairement du dos et Ousmane Demb\u00e9l\u00e9 a beaucoup manqu\u00e9 au PSG, vainqueur sans briller de Seattle (2-0) et qualifi\u00e9 pour les 8e de finale du Mondial des clubs.<\/p>\n<p>Ousmane Demb\u00e9l\u00e9, encore m\u00e9nag\u00e9 quoique r\u00e9tabli de sa blessure musculaire, \u00e9tait absent au Lumen Field et cela s&rsquo;est plus vu que lors des deux pr\u00e9c\u00e9dentes sorties. Car l&rsquo;animation offensive du PSG, rappelant parfois celle de 2024\u00a0quand elle ronronnait sans percer les verrous adverses, a manqu\u00e9 de peps et d&rsquo;imagination.<\/p>\n<p>Et, sans le coup de pouce du destin qui a amen\u00e9 au but chanceux de Kvara, elle se serait peut-\u00eatre av\u00e9r\u00e9e st\u00e9rile, de fa\u00e7on tr\u00e8s malvenue, face \u00e0 un adversaire jouant certes regroup\u00e9, mais pas du niveau d\u00e9fensif de Botafogo, qui avait su pi\u00e9ger Paris dans la semaine en annihilant ses attaques, tout en marquant sur sa seule opportunit\u00e9 (1-0).<\/p>\n<p>Face aux Sounders, le G\u00e9orgien, si percutant contre l&rsquo;Atl\u00e9tico Madrid, n&rsquo;a \u00e9t\u00e9 que l&rsquo;ombre de lui-m\u00eame sur son aile gauche, puisqu&rsquo;il a rat\u00e9 quasiment tout le peu qu&rsquo;il a entrepris en premi\u00e8re p\u00e9riode, hormis un tir \u00e0 rebond capt\u00e9 sans difficult\u00e9 par le gardien (16e). Et finalement c&rsquo;est en sortant de sa zone de confort habituelle, sur un corner mal renvoy\u00e9 par la d\u00e9fense de Seattle, qu&rsquo;il a fait le dos rond sur une frappe non cadr\u00e9e de Vitinha, pour renvoyer le ballon dans les filets (35e).<\/p>\n<p>Paris, tenu de s&rsquo;imposer pour assurer sa pr\u00e9sence au tour suivant, qui se d\u00e9roulera \u00e0 Atlanta dimanche contre un adversaire \u00e0 d\u00e9terminer, \u00e9tait enfin lib\u00e9r\u00e9 d&rsquo;un poids. Mais pas vraiment les pieds de Kvara, sorti \u00e0 la 63e minute et qui avait d\u00fb en attendre 56 autres, pour enfin s&rsquo;illustrer. A l&rsquo;initiative d&rsquo;un une-deux avec Joao Neves, il a eu de l&rsquo;espace pour centrer parfaitement vers D\u00e9sir\u00e9 Dou\u00e9, qui a vu son tir contr\u00e9 in extremis apr\u00e8s un crochet r\u00e9ussi.<\/p>\n<p>&#8211; Hakimi finit fort &#8211;<\/p>\n<p>L&rsquo;attaquant fran\u00e7ais, pass\u00e9 dans une autre dimension depuis son doubl\u00e9 en finale de la Ligue des champions (5-0) le 31 mai, ratait l\u00e0 l&rsquo;occasion de rendre une copie parfaite. Elle aura \u00e9t\u00e9 finalement tr\u00e8s bonne dans la mesure o\u00f9, au-del\u00e0 d&rsquo;une ligne statistique vierge de but et de passe d\u00e9cisive, il a \u00e9t\u00e9 le Parisien qui a apport\u00e9 le plus d&rsquo;\u00e9tincelles dans une attaque parfois cotonneuse, o\u00f9 le jeune Senny Mayulu a \u00e9t\u00e9 pr\u00e9f\u00e9r\u00e9 \u00e0 Gon\u00e7alo Ramos. <\/p>\n<p>C&rsquo;est l&rsquo;ancien Rennais qui a tir\u00e9 le premier, obligeant Stefan Frei \u00e0 une claquette salvatrice (12e), puis une deuxi\u00e8me fois de loin \u00e0 ras de terre (15e).<\/p>\n<p>En jambes, il a comme \u00e0 son habitude provoqu\u00e9 balle au pied et en s&rsquo;appuyant sur une remise de Mayulu, il a pu armer un tir crois\u00e9 du gauche dans la surface. Heureusement pour Seattle, le Parisien \u00e9tait en position d\u00e9s\u00e9quilibr\u00e9e et Frei a pu s&rsquo;en emparer (30e).<\/p>\n<p>Voil\u00e0 pour une premi\u00e8re p\u00e9riode qui a manqu\u00e9 de substance avec un Dou\u00e9 trop esseul\u00e9 sur son c\u00f4t\u00e9 droit alors qu&rsquo;Achraf Hakimi se montrait peu pr\u00e9sent pour le soutenir offensivement.<\/p>\n<p>Finalement, parce que Seattle a tent\u00e9 en seconde p\u00e9riode de revenir au score, le lat\u00e9ral droit marocain a pu apporter le surnombre offensivement, comme il a l&rsquo;habitude de le faire et dans une configuration de contre devenue un classique parisien cette saison, pour inscrire le but du break sur un centre pr\u00e9cis de Bradley Barcola (66e). <\/p>\n<p>Il ne fallait pas en attendre plus de ce Paris SG \u00e0 Seattle, o\u00f9 la fatigue commence peut-\u00eatre \u00e0 se faire sentir au bout d&rsquo;une saison interminable.<\/p>\n<p>nip\/alh<\/p>\n","protected":false},"excerpt":{"rendered":"D\u00e9sir\u00e9 Dou\u00e9 a \u00e9t\u00e9 le plus dangereux, Khvicha Kvaratskhelia a marqu\u00e9 involontairement du dos et Ousmane Demb\u00e9l\u00e9 a&hellip;\n","protected":false},"author":2,"featured_media":199329,"comment_status":"","ping_status":"","sticky":false,"template":"","format":"standard","meta":{"footnotes":""},"categories":[1586],"tags":[11,33893,9707,33890,1640,1777,674,1779,19651,1011,27,17476,87,13297,12,2782,626,93,25,33114,1615,33892,6564,1778,364,13296,33891],"class_list":{"0":"post-199328","1":"post","2":"type-post","3":"status-publish","4":"format-standard","5":"has-post-thumbnail","7":"category-europe","8":"tag-actualites","9":"tag-atlanta","10":"tag-bradley-barcola","11":"tag-coup-de-pouce","12":"tag-desire-doue","13":"tag-eu","14":"tag-europe","15":"tag-european-union","16":"tag-finale-de-la-ligue-des-champions","17":"tag-fr","18":"tag-france","19":"tag-hakimi","20":"tag-joao-neves","21":"tag-khvicha-kvaratskhelia","22":"tag-news","23":"tag-ousmane-dembele","24":"tag-paris","25":"tag-psg","26":"tag-republique-francaise","27":"tag-seattle-sounders","28":"tag-senny-mayulu","29":"tag-stefan-frei","30":"tag-su","31":"tag-ue","32":"tag-union-europeenne","33":"tag-vitinha","34":"tag-zone-de-confort"},"share_on_mastodon":{"url":"https:\/\/pubeurope.com\/@fr\/114735207177909487","error":""},"_links":{"self":[{"href":"https:\/\/www.europesays.com\/fr\/wp-json\/wp\/v2\/posts\/199328","targetHints":{"allow":["GET"]}}],"collection":[{"href":"https:\/\/www.europesays.com\/fr\/wp-json\/wp\/v2\/posts"}],"about":[{"href":"https:\/\/www.europesays.com\/fr\/wp-json\/wp\/v2\/types\/post"}],"author":[{"embeddable":true,"href":"https:\/\/www.europesays.com\/fr\/wp-json\/wp\/v2\/users\/2"}],"replies":[{"embeddable":true,"href":"https:\/\/www.europesays.com\/fr\/wp-json\/wp\/v2\/comments?post=199328"}],"version-history":[{"count":0,"href":"https:\/\/www.europesays.com\/fr\/wp-json\/wp\/v2\/posts\/199328\/revisions"}],"wp:featuredmedia":[{"embeddable":true,"href":"https:\/\/www.europesays.com\/fr\/wp-json\/wp\/v2\/media\/199329"}],"wp:attachment":[{"href":"https:\/\/www.europesays.com\/fr\/wp-json\/wp\/v2\/media?parent=199328"}],"wp:term":[{"taxonomy":"category","embeddable":true,"href":"https:\/\/www.europesays.com\/fr\/wp-json\/wp\/v2\/categories?post=199328"},{"taxonomy":"post_tag","embeddable":true,"href":"https:\/\/www.europesays.com\/fr\/wp-json\/wp\/v2\/tags?post=199328"}],"curies":[{"name":"wp","href":"https:\/\/api.w.org\/{rel}","templated":true}]}}