{"id":199330,"date":"2025-06-23T23:11:10","date_gmt":"2025-06-23T23:11:10","guid":{"rendered":"https:\/\/www.europesays.com\/fr\/199330\/"},"modified":"2025-06-23T23:11:10","modified_gmt":"2025-06-23T23:11:10","slug":"des-jeunes-femmes-ont-elles-ete-sauvagement-piquees-lors-de-la-fete-de-la-musique-a-cherbourg","status":"publish","type":"post","link":"https:\/\/www.europesays.com\/fr\/199330\/","title":{"rendered":"Des jeunes femmes ont-elles \u00e9t\u00e9 sauvagement piqu\u00e9es lors de la F\u00eate de la musique \u00e0 Cherbourg\u00a0?"},"content":{"rendered":"<p>            Par<br \/>\n        <strong><br \/>\n            <a href=\"https:\/\/actu.fr\/auteur\/l-ameline\" title=\"Consulter tous les articles de Ludovic Ameline\" rel=\"nofollow noopener\" target=\"_blank\">Ludovic Ameline<\/a><br \/>\n        <\/strong><\/p>\n<p>        Publi\u00e9 le<\/p>\n<p>            23 juin 2025 \u00e0 19h13        <\/p>\n<p>Selon le <a href=\"https:\/\/www.interieur.gouv.fr\/\" rel=\"nofollow noopener\" target=\"_blank\">minist\u00e8re de l\u2019Int\u00e9rieur<\/a>, <b>145 cas de piq\u00fbres<\/b> sur des femmes ont \u00e9t\u00e9 recens\u00e9s lors de la <a href=\"https:\/\/actu.fr\/tag\/fete-de-la-musique\" rel=\"nofollow noopener\" target=\"_blank\">F\u00eate de la musique<\/a> 2025 en <b>France<\/b>,<a href=\"https:\/\/actu.fr\/faits-divers\/un-mort-300-piqures-et-autant-d-interpellations-le-bilan-des-debordements-lors-de-la-fete-de-la-musique_62807889.html\" rel=\"nofollow noopener\" target=\"_blank\"> suscitant une vague d\u2019inqui\u00e9tude<\/a>.<\/p>\n<p class=\" wall-content\">Ces <b>incidents <\/b>ont \u00e9t\u00e9 pr\u00e9c\u00e9d\u00e9s d\u2019appels sur les <b>r\u00e9seaux sociaux <\/b>incitant \u00ab \u00e0 piquer des femmes \u00bb durant les <b>festivit\u00e9s<\/b>.<\/p>\n<p class=\" wall-content\">Les <b>victimes<\/b>, principalement <b>des jeunes femmes<\/b>, ont rapport\u00e9 des sensations de piq\u00fbre, parfois accompagn\u00e9es de <b>malaises <\/b>et de <b>naus\u00e9es<\/b>, et ont \u00e9t\u00e9 prises en charge par <b>plusieurs h\u00f4pitaux<\/b> pour y subir <b>des examens<\/b>.<\/p>\n<p class=\" wall-content\">Les <b>forces de l\u2019ordre<\/b> ont ouvert <b>plusieurs enqu\u00eates<\/b>, notamment \u00e0 <a href=\"https:\/\/actu.fr\/paris\/\" rel=\"nofollow noopener\" target=\"_blank\">Paris <\/a>o\u00f9 21 cas ont \u00e9t\u00e9 relev\u00e9s, et ont <b>interpell\u00e9 une quinzaine de suspects<\/b> sur l\u2019ensemble du territoire.<\/p>\n<p>Piq\u00fbres sauvages<\/p>\n<p class=\" wall-content\">\u00c0 <a href=\"https:\/\/actu.fr\/normandie\/cherbourg-en-cotentin_50129\/\" rel=\"nofollow noopener\" target=\"_blank\">Cherbourg <\/a>(Manche), des jeunes femmes ont indiqu\u00e9 sur les r\u00e9seaux sociaux avoir \u00e9t\u00e9 victimes de piq\u00fbres inexpliqu\u00e9es lors de la soir\u00e9e, <b>au niveau des \u00e9paules ou du dos<\/b>.<\/p>\n<p class=\" wall-content\">Les <b>services de police<\/b> confirment avoir eu des remont\u00e9es d\u2019information de la part d\u2019<b>agents de s\u00e9curit\u00e9<\/b> notamment<b> place du G\u00e9n\u00e9ral de Gaulle<\/b>, ou de connaissances de victimes.<\/p>\n<p>Vid\u00e9os : en ce moment sur Actu<\/p>\n<p class=\" wall-content\">Mais <b>aucun cas<\/b> n\u2019a encore \u00e9t\u00e9 signal\u00e9 au commissariat central. <b>Aucune plainte<\/b> relative \u00e0 de tels \u00e9pisodes de piq\u00fbres n\u2019a encore \u00e9t\u00e9 d\u00e9pos\u00e9e.<\/p>\n<p class=\" wall-content\">La nature exacte des<b> substances inject\u00e9es<\/b> reste \u00e9galement difficile \u00e0 d\u00e9terminer, certains cas pouvant ne pas impliquer d\u2019injection r\u00e9elle.<\/p>\n<p>Pas d\u2019arrestation\u00a0<\/p>\n<p class=\" wall-content\">Les <b>autorit\u00e9s locales<\/b> invitent les personnes concern\u00e9es \u00e0 se faire examiner rapidement afin de proc\u00e9der \u00e0 des <b>analyses toxicologiques<\/b> et \u00e0 se pr\u00e9senter au <b>commissariat <\/b>pour signaler les faits av\u00e9r\u00e9s. Aucune arrestation n\u2019a \u00e9t\u00e9 effectu\u00e9e sur l\u2019agglom\u00e9ration cherbourgeoise.<\/p>\n<p class=\" wall-content\">Rappelons qu\u2019en cas de piq\u00fbre sauvage, il est primordial de <b>se rendre aux urgences<\/b> le plus rapidement possible et de signaler la piq\u00fbre.<\/p>\n<p class=\" wall-content\">Un <b>protocole de pr\u00e9vention<\/b> de l\u2019<b>accident d\u2019exposition au sang <\/b>(AES) sera alors d\u00e9clench\u00e9, pour prendre en charge et\/ou \u00e9carter le risque de VIH et d\u2019h\u00e9patite B.<\/p>\n<p class=\" wall-content\">Enfin, avant de d\u00e9poser plainte, il est demand\u00e9 d\u2019effectuer <b>un bilan toxicologique<\/b>, n\u00e9cessaire \u00e0 l\u2019\u00e9tablissement d\u2019une analyse toxicologique dans le cadre de la <b>proc\u00e9dure judiciaire<\/b>.<\/p>\n<p class=\" wall-content\">Ces faits qualifi\u00e9s de <b>violences volontaires<\/b> et d\u2019administration de substance nuisible sont passibles de <b>3 ans d\u2019emprisonnement <\/b>et de 45 000 \u20ac d\u2019amende.<\/p>\n<p class=\" wall-content\">Suivez toute l\u2019actualit\u00e9 de vos villes et m\u00e9dias favoris en vous inscrivant \u00e0 <a href=\"https:\/\/moncompte.actu.fr\" title=\"D\u00e9couvez Mon Actu\" rel=\"nofollow noopener\" data-trk=\"{&quot;cta&quot;:{&quot;action&quot;:&quot;https:\\\/\\\/moncompte.actu.fr&quot;,&quot;category&quot;:&quot;mon compte&quot;,&quot;from&quot;:&quot;article footer&quot;,&quot;name&quot;:&quot;Mon actu&quot;,&quot;type&quot;:&quot;cta&quot;}}\" target=\"_blank\">Mon Actu<\/a>.<\/p>\n","protected":false},"excerpt":{"rendered":"Par Ludovic Ameline Publi\u00e9 le 23 juin 2025 \u00e0 19h13 Selon le minist\u00e8re de l\u2019Int\u00e9rieur, 145 cas de&hellip;\n","protected":false},"author":2,"featured_media":199331,"comment_status":"","ping_status":"","sticky":false,"template":"","format":"standard","meta":{"footnotes":""},"categories":[2],"tags":[11,3168,118,1011,27,12,1072,25],"class_list":{"0":"post-199330","1":"post","2":"type-post","3":"status-publish","4":"format-standard","5":"has-post-thumbnail","7":"category-actualites","8":"tag-actualites","9":"tag-cotentin","10":"tag-faits-divers","11":"tag-fr","12":"tag-france","13":"tag-news","14":"tag-police","15":"tag-republique-francaise"},"share_on_mastodon":{"url":"https:\/\/pubeurope.com\/@fr\/114735211029237477","error":""},"_links":{"self":[{"href":"https:\/\/www.europesays.com\/fr\/wp-json\/wp\/v2\/posts\/199330","targetHints":{"allow":["GET"]}}],"collection":[{"href":"https:\/\/www.europesays.com\/fr\/wp-json\/wp\/v2\/posts"}],"about":[{"href":"https:\/\/www.europesays.com\/fr\/wp-json\/wp\/v2\/types\/post"}],"author":[{"embeddable":true,"href":"https:\/\/www.europesays.com\/fr\/wp-json\/wp\/v2\/users\/2"}],"replies":[{"embeddable":true,"href":"https:\/\/www.europesays.com\/fr\/wp-json\/wp\/v2\/comments?post=199330"}],"version-history":[{"count":0,"href":"https:\/\/www.europesays.com\/fr\/wp-json\/wp\/v2\/posts\/199330\/revisions"}],"wp:featuredmedia":[{"embeddable":true,"href":"https:\/\/www.europesays.com\/fr\/wp-json\/wp\/v2\/media\/199331"}],"wp:attachment":[{"href":"https:\/\/www.europesays.com\/fr\/wp-json\/wp\/v2\/media?parent=199330"}],"wp:term":[{"taxonomy":"category","embeddable":true,"href":"https:\/\/www.europesays.com\/fr\/wp-json\/wp\/v2\/categories?post=199330"},{"taxonomy":"post_tag","embeddable":true,"href":"https:\/\/www.europesays.com\/fr\/wp-json\/wp\/v2\/tags?post=199330"}],"curies":[{"name":"wp","href":"https:\/\/api.w.org\/{rel}","templated":true}]}}