{"id":199371,"date":"2025-06-23T23:37:23","date_gmt":"2025-06-23T23:37:23","guid":{"rendered":"https:\/\/www.europesays.com\/fr\/199371\/"},"modified":"2025-06-23T23:37:23","modified_gmt":"2025-06-23T23:37:23","slug":"vous-risquez-de-recevoir-un-message-dalerte-attentat-ce-mardi","status":"publish","type":"post","link":"https:\/\/www.europesays.com\/fr\/199371\/","title":{"rendered":"vous risquez de recevoir un message \u00ab\u00a0d&rsquo;alerte attentat\u00a0\u00bb ce mardi"},"content":{"rendered":"<p><img decoding=\"async\" class=\"\" style=\"width:100%\" src=\"https:\/\/www.europesays.com\/fr\/wp-content\/uploads\/2025\/06\/arena_sem1662974262902.jpg\" alt=\"Arena Saint-Etienne M\u00e9tropole\"\/><\/p>\n<p>Arena Saint-Etienne M\u00e9tropole<\/p>\n<p>Cr\u00e9dit : Saint-Etienne M\u00e9tropole<\/p>\n<p>Un exercice Nombreuses Victimes &#8211; Attentat et tuerie de masse (NOVI &#8211; ATM) sera organis\u00e9 \u00e0 l&rsquo;Arena de Saint-Etienne m\u00e9tropole \u00e0 Saint-Chamond ce mardi 24 juin. Organis\u00e9 chaque ann\u00e9e par la Pr\u00e9fecture de la Loire, cet exercice permet aux diff\u00e9rents protagonistes de s\u00e9curit\u00e9 et de secours de bien r\u00e9agir si un tel \u00e9v\u00e9nement \u00e9tait amen\u00e9 \u00e0 se produire sur le territoire.<\/p>\n<p>Un message de pr\u00e9vention<\/p>\n<p>Dans ce cas, un message sera envoy\u00e9 via FR-Alert sur tous les t\u00e9l\u00e9phones \u00e0 proximit\u00e9 de la zone. C&rsquo;est un dispositif qui permet d&rsquo;alerter en temps r\u00e9el la population d&rsquo;un danger imm\u00e9diat. Pas de panique donc, si vous recevez un tel message ce mardi. Comme il s&rsquo;agit d&rsquo;un exercice, la r\u00e9ception de ce message n&rsquo;entrainera pas de restriction dans les activit\u00e9s ou les d\u00e9placements situ\u00e9s \u00e0 proximit\u00e9.<\/p>\n<p>\u00c0 noter \u00e9galement que l&rsquo;Arena sera ferm\u00e9 au public durant tout le temps de l&rsquo;exercice, soit de 13h \u00e0 17h et qu&rsquo;il sera interdit de prendre des photos et des vid\u00e9os de l&rsquo;exercice.<\/p>\n","protected":false},"excerpt":{"rendered":"Arena Saint-Etienne M\u00e9tropole Cr\u00e9dit : Saint-Etienne M\u00e9tropole Un exercice Nombreuses Victimes &#8211; Attentat et tuerie de masse (NOVI&hellip;\n","protected":false},"author":2,"featured_media":199372,"comment_status":"","ping_status":"","sticky":false,"template":"","format":"standard","meta":{"footnotes":""},"categories":[9653],"tags":[1111,11,898,33895,5581,2430,1777,674,1011,33896,27,12,33897,33894,25,4001],"class_list":{"0":"post-199371","1":"post","2":"type-post","3":"status-publish","4":"format-standard","5":"has-post-thumbnail","7":"category-saint-etienne","8":"tag-actu","9":"tag-actualites","10":"tag-alerte","11":"tag-arena-saint-etienne","12":"tag-attentat","13":"tag-auvergne-rhone-alpes","14":"tag-eu","15":"tag-europe","16":"tag-fr","17":"tag-fr-alerte","18":"tag-france","19":"tag-news","20":"tag-novi-atm","21":"tag-prefecture-de-la-loire","22":"tag-republique-francaise","23":"tag-saint-etienne"},"share_on_mastodon":{"url":"https:\/\/pubeurope.com\/@fr\/114735313427978678","error":""},"_links":{"self":[{"href":"https:\/\/www.europesays.com\/fr\/wp-json\/wp\/v2\/posts\/199371","targetHints":{"allow":["GET"]}}],"collection":[{"href":"https:\/\/www.europesays.com\/fr\/wp-json\/wp\/v2\/posts"}],"about":[{"href":"https:\/\/www.europesays.com\/fr\/wp-json\/wp\/v2\/types\/post"}],"author":[{"embeddable":true,"href":"https:\/\/www.europesays.com\/fr\/wp-json\/wp\/v2\/users\/2"}],"replies":[{"embeddable":true,"href":"https:\/\/www.europesays.com\/fr\/wp-json\/wp\/v2\/comments?post=199371"}],"version-history":[{"count":0,"href":"https:\/\/www.europesays.com\/fr\/wp-json\/wp\/v2\/posts\/199371\/revisions"}],"wp:featuredmedia":[{"embeddable":true,"href":"https:\/\/www.europesays.com\/fr\/wp-json\/wp\/v2\/media\/199372"}],"wp:attachment":[{"href":"https:\/\/www.europesays.com\/fr\/wp-json\/wp\/v2\/media?parent=199371"}],"wp:term":[{"taxonomy":"category","embeddable":true,"href":"https:\/\/www.europesays.com\/fr\/wp-json\/wp\/v2\/categories?post=199371"},{"taxonomy":"post_tag","embeddable":true,"href":"https:\/\/www.europesays.com\/fr\/wp-json\/wp\/v2\/tags?post=199371"}],"curies":[{"name":"wp","href":"https:\/\/api.w.org\/{rel}","templated":true}]}}