{"id":199373,"date":"2025-06-23T23:38:15","date_gmt":"2025-06-23T23:38:15","guid":{"rendered":"https:\/\/www.europesays.com\/fr\/199373\/"},"modified":"2025-06-23T23:38:15","modified_gmt":"2025-06-23T23:38:15","slug":"les-verts-transpirent-deja-premiere-suee-officielle-a-letrat","status":"publish","type":"post","link":"https:\/\/www.europesays.com\/fr\/199373\/","title":{"rendered":"LES VERTS TRANSPIRENT D\u00c9J\u00c0 : PREMI\u00c8RE SU\u00c9E OFFICIELLE \u00c0 L&rsquo;ETRAT"},"content":{"rendered":"<p>Apr\u00e8s avoir paraph\u00e9 son contrat il y a quelques jours, Mahmoud Jaber d\u00e9couvre d\u00e9sormais concr\u00e8tement l\u2019univers st\u00e9phanois et participe \u00e0 ses premi\u00e8res s\u00e9ances d\u2019entra\u00eenement sous ses nouvelles couleurs. Face aux temp\u00e9ratures \u00e9lev\u00e9es de cette p\u00e9riode estivale, l\u2019\u00e9quipe technique a adapt\u00e9 les horaires d\u2019entra\u00eenement. D\u00e8s le matin, les joueurs d\u2019Eirik Horneland ont entam\u00e9 leur programme de remise en forme avec des \u00e9valuations physiques comprenant notamment un test d\u2019endurance de 1 500 m\u00e8tres r\u00e9alis\u00e9 \u00e0 rythme soutenu.<\/p>\n<blockquote class=\"twitter-tweet\">\n<p lang=\"fr\" dir=\"ltr\">\ud83d\udd1b Lundi studieux pour Mahmoud Jaber, qui effectue sa premi\u00e8re s\u00e9ance en Vert ! \ud83d\udc9a\ud83c\udd95 <a href=\"https:\/\/t.co\/ncvfMJub8s\" rel=\"nofollow\">pic.twitter.com\/ncvfMJub8s<\/a><\/p>\n<p>\u2014 AS Saint-\u00c9tienne (@ASSEofficiel) <a href=\"https:\/\/twitter.com\/ASSEofficiel\/status\/1937079445682094289?ref_src=twsrc%5Etfw\" rel=\"nofollow noopener\" target=\"_blank\">June 23, 2025<\/a><\/p>\n<\/blockquote>\n<p>Horneland, coach et homme de spectacle<\/p>\n<p>L\u2019entra\u00eeneur norv\u00e9gien n\u2019a pas manqu\u00e9 de pimenter la s\u00e9ance avec ses commentaires savoureux. Devant les cam\u00e9ras du club, il a taquin\u00e9 ses joueurs avec une pointe d\u2019ironie : \u00ab\u00a0Vous avez parcouru cinq tours de terrain, cinq tours ! On croirait que vous venez de gravir un sommet ! Allez ! Cinq tours, ce n\u2019est vraiment pas grand-chose !\u00a0\u00bb Le tout accompagn\u00e9 d\u2019un sourire complice.<\/p>\n<blockquote class=\"twitter-tweet\" data-media-max-width=\"560\">\n<p lang=\"fr\" dir=\"ltr\">\ud83d\udde3\ufe0f \u00ab\u00a0Cinq tours de terrain, c\u2019est rien !\u00a0\u00bb <a href=\"https:\/\/t.co\/5Iqv7F2osq\" rel=\"nofollow\">pic.twitter.com\/5Iqv7F2osq<\/a><\/p>\n<p>\u2014 AS Saint-\u00c9tienne (@ASSEofficiel) <a href=\"https:\/\/twitter.com\/ASSEofficiel\/status\/1937095914792898620?ref_src=twsrc%5Etfw\" rel=\"nofollow noopener\" target=\"_blank\">June 23, 2025<\/a><\/p>\n<\/blockquote>\n<p>L\u2019apr\u00e8s-midi \u00e9tait consacr\u00e9 aux examens m\u00e9dicaux traditionnels de d\u00e9but de saison. Cette pr\u00e9paration intensive s\u2019\u00e9talera sur huit semaines compl\u00e8tes. Le premier test grandeur nature aura lieu le 5 juillet \u00e0 18h30 \u00e0 l\u2019Envol Stadium contre l\u2019\u00c9toile Carouge FC. D\u2019ici l\u00e0, les St\u00e9phanois quitteront L\u2019Etrat dimanche pour rejoindre leur camp d\u2019entra\u00eenement au Chambon-sur-Lignon, apr\u00e8s une semaine de travail dans leur fief habituel.<\/p>\n<p>                            <script async src=\"https:\/\/platform.twitter.com\/widgets.js\" charset=\"utf-8\"><\/script><\/p>\n","protected":false},"excerpt":{"rendered":"Apr\u00e8s avoir paraph\u00e9 son contrat il y a quelques jours, Mahmoud Jaber d\u00e9couvre d\u00e9sormais concr\u00e8tement l\u2019univers st\u00e9phanois et&hellip;\n","protected":false},"author":2,"featured_media":199374,"comment_status":"","ping_status":"","sticky":false,"template":"","format":"standard","meta":{"footnotes":""},"categories":[9653],"tags":[1111,11,461,2430,1777,674,2257,1011,27,3367,12,25,4001,517],"class_list":{"0":"post-199373","1":"post","2":"type-post","3":"status-publish","4":"format-standard","5":"has-post-thumbnail","7":"category-saint-etienne","8":"tag-actu","9":"tag-actualites","10":"tag-asse","11":"tag-auvergne-rhone-alpes","12":"tag-eu","13":"tag-europe","14":"tag-foot","15":"tag-fr","16":"tag-france","17":"tag-loire","18":"tag-news","19":"tag-republique-francaise","20":"tag-saint-etienne","21":"tag-sport"},"share_on_mastodon":{"url":"https:\/\/pubeurope.com\/@fr\/114735317201997111","error":""},"_links":{"self":[{"href":"https:\/\/www.europesays.com\/fr\/wp-json\/wp\/v2\/posts\/199373","targetHints":{"allow":["GET"]}}],"collection":[{"href":"https:\/\/www.europesays.com\/fr\/wp-json\/wp\/v2\/posts"}],"about":[{"href":"https:\/\/www.europesays.com\/fr\/wp-json\/wp\/v2\/types\/post"}],"author":[{"embeddable":true,"href":"https:\/\/www.europesays.com\/fr\/wp-json\/wp\/v2\/users\/2"}],"replies":[{"embeddable":true,"href":"https:\/\/www.europesays.com\/fr\/wp-json\/wp\/v2\/comments?post=199373"}],"version-history":[{"count":0,"href":"https:\/\/www.europesays.com\/fr\/wp-json\/wp\/v2\/posts\/199373\/revisions"}],"wp:featuredmedia":[{"embeddable":true,"href":"https:\/\/www.europesays.com\/fr\/wp-json\/wp\/v2\/media\/199374"}],"wp:attachment":[{"href":"https:\/\/www.europesays.com\/fr\/wp-json\/wp\/v2\/media?parent=199373"}],"wp:term":[{"taxonomy":"category","embeddable":true,"href":"https:\/\/www.europesays.com\/fr\/wp-json\/wp\/v2\/categories?post=199373"},{"taxonomy":"post_tag","embeddable":true,"href":"https:\/\/www.europesays.com\/fr\/wp-json\/wp\/v2\/tags?post=199373"}],"curies":[{"name":"wp","href":"https:\/\/api.w.org\/{rel}","templated":true}]}}