{"id":199380,"date":"2025-06-23T23:44:10","date_gmt":"2025-06-23T23:44:10","guid":{"rendered":"https:\/\/www.europesays.com\/fr\/199380\/"},"modified":"2025-06-23T23:44:10","modified_gmt":"2025-06-23T23:44:10","slug":"previsions-du-mardi-24-juin-2025","status":"publish","type":"post","link":"https:\/\/www.europesays.com\/fr\/199380\/","title":{"rendered":"pr\u00e9visions du mardi 24 juin 2025"},"content":{"rendered":"<p>Le soleil sera au rendez-vous \u00e0 Montpellier : une magnifique journ\u00e9e se profile ! Il va faire chaud avec des temp\u00e9ratures qui afficheront entre 23 et 33\u00b0C. Un vent de nord-est soufflera un peu, avec 11 km\/h. Les valeurs maximales pr\u00e9vues le matin sont importantes, avec 33\u00b0C. La ville va p\u00e2tir des fortes chaleurs avec des temp\u00e9ratures qui pourraient monter jusqu&rsquo;\u00e0 33\u00b0C l&rsquo;apr\u00e8s-midi. Il fera en moyenne 28\u00b0C, le soir. Le ciel sera clair dans la nuit de mardi \u00e0 mercredi.<\/p>\n<p>Demain, les Montpelli\u00e9rains comme les vacanciers vont pouvoir b\u00e9n\u00e9ficier d&rsquo;un soleil radieux. Une baisse du mercure est \u00e0 pr\u00e9voir. Les valeurs s&rsquo;\u00e9chelonneront entre 23 et 28\u00b0C, un temps vraiment de saison. Un vent de sud-est rafra\u00eechira sensiblement l&rsquo;atmosph\u00e8re. Dans la matin\u00e9e, les temp\u00e9ratures avoisineront les 27\u00b0C. La chaleur estivale sera bien au rendez-vous puisque les temp\u00e9ratures seront quand m\u00eame de 27\u00b0C au plus bas et de 28\u00b0C au maximum l&rsquo;apr\u00e8s-midi.<\/p>\n<p>La m\u00e9t\u00e9o restera stable les prochains jours. On anticipe des journ\u00e9es ensoleill\u00e9es, avec des temp\u00e9ratures dans les 34\u00b0C en moyenne.<\/p>\n<p>La vague de chaleur actuelle exige des pr\u00e9cautions suppl\u00e9mentaires, notamment vis-\u00e0-vis des plus vuln\u00e9rables, comme les personnes \u00e2g\u00e9es et les enfants. N&rsquo;h\u00e9sitez pas \u00e0 vous tenir au courant de l&rsquo;\u00e9volution des conditions climatiques.<\/p>\n","protected":false},"excerpt":{"rendered":"Le soleil sera au rendez-vous \u00e0 Montpellier : une magnifique journ\u00e9e se profile ! Il va faire chaud&hellip;\n","protected":false},"author":2,"featured_media":199381,"comment_status":"","ping_status":"","sticky":false,"template":"","format":"standard","meta":{"footnotes":""},"categories":[9599],"tags":[1111,11,1777,674,1011,27,7089,2681,2208,12,2680,2119,25],"class_list":{"0":"post-199380","1":"post","2":"type-post","3":"status-publish","4":"format-standard","5":"has-post-thumbnail","7":"category-montpellier","8":"tag-actu","9":"tag-actualites","10":"tag-eu","11":"tag-europe","12":"tag-fr","13":"tag-france","14":"tag-herault","15":"tag-languedoc-roussillon","16":"tag-montpellier","17":"tag-news","18":"tag-occitanie","19":"tag-previsions-meteo","20":"tag-republique-francaise"},"share_on_mastodon":{"url":"https:\/\/pubeurope.com\/@fr\/114735340922423696","error":""},"_links":{"self":[{"href":"https:\/\/www.europesays.com\/fr\/wp-json\/wp\/v2\/posts\/199380","targetHints":{"allow":["GET"]}}],"collection":[{"href":"https:\/\/www.europesays.com\/fr\/wp-json\/wp\/v2\/posts"}],"about":[{"href":"https:\/\/www.europesays.com\/fr\/wp-json\/wp\/v2\/types\/post"}],"author":[{"embeddable":true,"href":"https:\/\/www.europesays.com\/fr\/wp-json\/wp\/v2\/users\/2"}],"replies":[{"embeddable":true,"href":"https:\/\/www.europesays.com\/fr\/wp-json\/wp\/v2\/comments?post=199380"}],"version-history":[{"count":0,"href":"https:\/\/www.europesays.com\/fr\/wp-json\/wp\/v2\/posts\/199380\/revisions"}],"wp:featuredmedia":[{"embeddable":true,"href":"https:\/\/www.europesays.com\/fr\/wp-json\/wp\/v2\/media\/199381"}],"wp:attachment":[{"href":"https:\/\/www.europesays.com\/fr\/wp-json\/wp\/v2\/media?parent=199380"}],"wp:term":[{"taxonomy":"category","embeddable":true,"href":"https:\/\/www.europesays.com\/fr\/wp-json\/wp\/v2\/categories?post=199380"},{"taxonomy":"post_tag","embeddable":true,"href":"https:\/\/www.europesays.com\/fr\/wp-json\/wp\/v2\/tags?post=199380"}],"curies":[{"name":"wp","href":"https:\/\/api.w.org\/{rel}","templated":true}]}}