{"id":199382,"date":"2025-06-23T23:45:14","date_gmt":"2025-06-23T23:45:14","guid":{"rendered":"https:\/\/www.europesays.com\/fr\/199382\/"},"modified":"2025-06-23T23:45:14","modified_gmt":"2025-06-23T23:45:14","slug":"a-montpellier-camille-boitel-et-seve-bernard-presentent-leur-dernier-spectacle","status":"publish","type":"post","link":"https:\/\/www.europesays.com\/fr\/199382\/","title":{"rendered":"\u00c0 Montpellier, Camille Boitel et S\u00e8ve Bernard pr\u00e9sentent leur dernier spectacle"},"content":{"rendered":"<p class=\"t-content__chapo\">\n                                                Le festival Montpellier Danse se tient actuellement dans le sud de la France. C&rsquo;est la 45e \u00e9dition de ce grand rendez-vous de la danse contemporaine fran\u00e7aise et\u00a0internationale.\u00a0Duo \u00e0 la sc\u00e8ne comme \u00e0 la ville, Camille Boitel et sa femme, S\u00e8ve Bernard, ont pr\u00e9sent\u00e9 tout ce week-end du 21-22 juin leur dernier spectacle \u2013\u00a0qui n&rsquo;a pas de nom\u00a0\u2013 en plein air, \u00e0 l&rsquo;Agora de la danse de Montpellier. Au programme\u00a0: 1h20 de chute, de fracas et de contorsions, plus proches du nouveau cirque que de la danse contemporaine.                    <\/p>\n<p>        <img decoding=\"async\" fetchpriority=\"low\" src=\"https:\/\/www.europesays.com\/fr\/wp-content\/uploads\/2025\/06\/492484437-1096308949198698-3489433833233422113-n.jpg\" alt=\"L'affiche du festival international Montpellier Danse, du 21 juin au 5 juillet 2025.\"   width=\"980\" height=\"551\" loading=\"eager\" class=\"m-figure__img lazy\"\/><\/p>\n<p>                L&rsquo;affiche du festival international Montpellier Danse, du 21 juin au 5 juillet 2025.                \u00a9 Montpellier Danse            <\/p>\n<p><strong>Le festival Montpellier Danse, du 21 juin\u00a0au 5 juillet 2025.<\/strong><\/p>\n<p class=\"a-read-more\">\u00c0 lire aussi<a href=\"https:\/\/www.rfi.fr\/fr\/podcasts\/invit%C3%A9-culture\/20250527-la-cr%C3%A9ation-360-du-chor%C3%A9graphe-mehdi-kerkouche-quand-la-danse-devient-exp%C3%A9rience-collective\" target=\"_self\" class=\"a-read-more__link\" rel=\"noopener\">La cr\u00e9ation 360 du chor\u00e9graphe Mehdi Kerkouche: quand la danse devient exp\u00e9rience collective<\/a><\/p>\n","protected":false},"excerpt":{"rendered":"Le festival Montpellier Danse se tient actuellement dans le sud de la France. C&rsquo;est la 45e \u00e9dition de&hellip;\n","protected":false},"author":2,"featured_media":199383,"comment_status":"","ping_status":"","sticky":false,"template":"","format":"standard","meta":{"footnotes":""},"categories":[9599],"tags":[1111,11,251,5972,1777,674,1011,27,10490,2208,12,2680,25],"class_list":{"0":"post-199382","1":"post","2":"type-post","3":"status-publish","4":"format-standard","5":"has-post-thumbnail","7":"category-montpellier","8":"tag-actu","9":"tag-actualites","10":"tag-culture","11":"tag-danse","12":"tag-eu","13":"tag-europe","14":"tag-fr","15":"tag-france","16":"tag-invite-culture","17":"tag-montpellier","18":"tag-news","19":"tag-occitanie","20":"tag-republique-francaise"},"share_on_mastodon":{"url":"https:\/\/pubeurope.com\/@fr\/114735344761471334","error":""},"_links":{"self":[{"href":"https:\/\/www.europesays.com\/fr\/wp-json\/wp\/v2\/posts\/199382","targetHints":{"allow":["GET"]}}],"collection":[{"href":"https:\/\/www.europesays.com\/fr\/wp-json\/wp\/v2\/posts"}],"about":[{"href":"https:\/\/www.europesays.com\/fr\/wp-json\/wp\/v2\/types\/post"}],"author":[{"embeddable":true,"href":"https:\/\/www.europesays.com\/fr\/wp-json\/wp\/v2\/users\/2"}],"replies":[{"embeddable":true,"href":"https:\/\/www.europesays.com\/fr\/wp-json\/wp\/v2\/comments?post=199382"}],"version-history":[{"count":0,"href":"https:\/\/www.europesays.com\/fr\/wp-json\/wp\/v2\/posts\/199382\/revisions"}],"wp:featuredmedia":[{"embeddable":true,"href":"https:\/\/www.europesays.com\/fr\/wp-json\/wp\/v2\/media\/199383"}],"wp:attachment":[{"href":"https:\/\/www.europesays.com\/fr\/wp-json\/wp\/v2\/media?parent=199382"}],"wp:term":[{"taxonomy":"category","embeddable":true,"href":"https:\/\/www.europesays.com\/fr\/wp-json\/wp\/v2\/categories?post=199382"},{"taxonomy":"post_tag","embeddable":true,"href":"https:\/\/www.europesays.com\/fr\/wp-json\/wp\/v2\/tags?post=199382"}],"curies":[{"name":"wp","href":"https:\/\/api.w.org\/{rel}","templated":true}]}}