{"id":199390,"date":"2025-06-23T23:50:26","date_gmt":"2025-06-23T23:50:26","guid":{"rendered":"https:\/\/www.europesays.com\/fr\/199390\/"},"modified":"2025-06-23T23:50:26","modified_gmt":"2025-06-23T23:50:26","slug":"de-nouveaux-coups-de-feu-tires-dans-le-quartier-maurepas-ce-quil-faut-savoir","status":"publish","type":"post","link":"https:\/\/www.europesays.com\/fr\/199390\/","title":{"rendered":"de nouveaux coups de feu tir\u00e9s dans le quartier Maurepas, ce qu&rsquo;il faut savoir"},"content":{"rendered":"<p>            Par<br \/>\n        <strong><br \/>\n            <a href=\"https:\/\/actu.fr\/auteur\/laurene-fertin\" title=\"Consulter tous les articles de Laur\u00e8ne Fertin\" rel=\"nofollow noopener\" target=\"_blank\">Laur\u00e8ne Fertin<\/a><br \/>\n        <\/strong><\/p>\n<p>        Publi\u00e9 le<\/p>\n<p>            23 juin 2025 \u00e0 11h12        <\/p>\n<p>Alors que<a href=\"https:\/\/actu.fr\/bretagne\/rennes_35238\/video-fusillade-dans-le-quartier-de-villejean-trois-hommes-tirent-en-plein-jour-au-milieu-de-passants_62528851.html\" rel=\"nofollow noopener\" target=\"_blank\"> la fusillade de Villejean qui a \u00e9clat\u00e9 jeudi 17\u00a0avril 2025<\/a> est encore dans toutes les m\u00e9moires, de <strong>nouveaux coups de feu<\/strong> ont \u00e9t\u00e9 tir\u00e9s cette fois-ci <strong>dans le quartier Maurepas<\/strong>, dimanche 22\u00a0juin.<\/p>\n<p class=\" wall-content\">Les faits se sont d\u00e9roul\u00e9s <strong>vers midi, <\/strong>non loin de la <strong>biblioth\u00e8que municipale<\/strong> situ\u00e9e au 32, rue de la Marbaudais, indique une source \u00e0 la r\u00e9daction d\u2019<a href=\"https:\/\/actu.fr\/rennes\/\" rel=\"nofollow noopener\" target=\"_blank\">actu Rennes<\/a>, confirmant <a href=\"https:\/\/www.ouest-france.fr\/bretagne\/rennes-35000\/a-lheure-du-dejeuner-des-coups-de-feu-tires-ce-dimanche-dans-le-quartier-de-maurepas-a-rennes-74511b08-4f8f-11f0-8c5f-0f80ab190e33\" rel=\"nofollow noopener\" target=\"_blank\">Ouest France<\/a>.<\/p>\n<p>    <a href=\"https:\/\/www.google.com\/maps\/embed?pb=!1m18!1m12!1m3!1d2410.0128204958864!2d-1.6649537240829573!3d48.126612551925064!2m3!1f0!2f0!3f0!3m2!1i1024!2i768!4f13.1!3m3!1m2!1s0x480ede5d0b69caff%3A0x878acf5e550ea4eb!2s32%20Rue%20de%20la%20Marbaudais%2C%2035700%20Rennes!5e1!3m2!1sfr!2sfr!4v1750662100087!5m2!1sfr!2sfr\" title=\"Ouvrie le lien\" rel=\"nofollow noopener\" target=\"_blank\">Cliquez ici pour visualiser le contenu<\/a><\/p>\n<p class=\" wall-content\"><strong>Deux impacts<\/strong> de balles ont \u00e9t\u00e9 retrouv\u00e9s sur la vitrine de la biblioth\u00e8que. <strong>Trois individus<\/strong> seraient concern\u00e9s par ces nouveaux tirs. Aucune victime n\u2019est \u00e0 d\u00e9plorer.<\/p>\n<p class=\" wall-content\"><strong>Une enqu\u00eate<\/strong> a \u00e9t\u00e9 ouverte.<\/p>\n<p class=\" wall-content\">Suivez toute l\u2019actualit\u00e9 de vos villes et m\u00e9dias favoris en vous inscrivant \u00e0 <a href=\"https:\/\/moncompte.actu.fr\" title=\"D\u00e9couvez Mon Actu\" rel=\"nofollow noopener\" data-trk=\"{&quot;cta&quot;:{&quot;action&quot;:&quot;https:\\\/\\\/moncompte.actu.fr&quot;,&quot;category&quot;:&quot;mon compte&quot;,&quot;from&quot;:&quot;article footer&quot;,&quot;name&quot;:&quot;Mon actu&quot;,&quot;type&quot;:&quot;cta&quot;}}\" target=\"_blank\">Mon Actu<\/a>.<\/p>\n","protected":false},"excerpt":{"rendered":"Par Laur\u00e8ne Fertin Publi\u00e9 le 23 juin 2025 \u00e0 11h12 Alors que la fusillade de Villejean qui a&hellip;\n","protected":false},"author":2,"featured_media":69904,"comment_status":"","ping_status":"","sticky":false,"template":"","format":"standard","meta":{"footnotes":""},"categories":[2821],"tags":[1111,11,829,1777,674,118,1011,27,22320,12,584,25],"class_list":{"0":"post-199390","1":"post","2":"type-post","3":"status-publish","4":"format-standard","5":"has-post-thumbnail","7":"category-rennes","8":"tag-actu","9":"tag-actualites","10":"tag-bretagne","11":"tag-eu","12":"tag-europe","13":"tag-faits-divers","14":"tag-fr","15":"tag-france","16":"tag-maurepas","17":"tag-news","18":"tag-rennes","19":"tag-republique-francaise"},"share_on_mastodon":{"url":"https:\/\/pubeurope.com\/@fr\/114735364400434513","error":""},"_links":{"self":[{"href":"https:\/\/www.europesays.com\/fr\/wp-json\/wp\/v2\/posts\/199390","targetHints":{"allow":["GET"]}}],"collection":[{"href":"https:\/\/www.europesays.com\/fr\/wp-json\/wp\/v2\/posts"}],"about":[{"href":"https:\/\/www.europesays.com\/fr\/wp-json\/wp\/v2\/types\/post"}],"author":[{"embeddable":true,"href":"https:\/\/www.europesays.com\/fr\/wp-json\/wp\/v2\/users\/2"}],"replies":[{"embeddable":true,"href":"https:\/\/www.europesays.com\/fr\/wp-json\/wp\/v2\/comments?post=199390"}],"version-history":[{"count":0,"href":"https:\/\/www.europesays.com\/fr\/wp-json\/wp\/v2\/posts\/199390\/revisions"}],"wp:featuredmedia":[{"embeddable":true,"href":"https:\/\/www.europesays.com\/fr\/wp-json\/wp\/v2\/media\/69904"}],"wp:attachment":[{"href":"https:\/\/www.europesays.com\/fr\/wp-json\/wp\/v2\/media?parent=199390"}],"wp:term":[{"taxonomy":"category","embeddable":true,"href":"https:\/\/www.europesays.com\/fr\/wp-json\/wp\/v2\/categories?post=199390"},{"taxonomy":"post_tag","embeddable":true,"href":"https:\/\/www.europesays.com\/fr\/wp-json\/wp\/v2\/tags?post=199390"}],"curies":[{"name":"wp","href":"https:\/\/api.w.org\/{rel}","templated":true}]}}