{"id":199391,"date":"2025-06-23T23:51:10","date_gmt":"2025-06-23T23:51:10","guid":{"rendered":"https:\/\/www.europesays.com\/fr\/199391\/"},"modified":"2025-06-23T23:51:10","modified_gmt":"2025-06-23T23:51:10","slug":"previsions-du-mardi-24-juin-2025-2","status":"publish","type":"post","link":"https:\/\/www.europesays.com\/fr\/199391\/","title":{"rendered":"pr\u00e9visions du mardi 24 juin 2025"},"content":{"rendered":"<p>C&rsquo;est une magnifique journ\u00e9e dont va b\u00e9n\u00e9ficier Rennes, o\u00f9 le soleil va briller intens\u00e9ment. On pr\u00e9voit des valeurs avoisinant 19\u00b0C. Dans la matin\u00e9e, les temp\u00e9ratures avoisineront les 19\u00b0C. Une modeste brise d&rsquo;ouest sera ressentie par les habitants. Les temp\u00e9ratures vont conna\u00eetre une augmentation de plusieurs degr\u00e9s dans l&rsquo;apr\u00e8s-midi. Les valeurs seront comprises entre 27\u00b0C et 29\u00b0C. C&rsquo;est un ciel d\u00e9pourvu de nuages que conna\u00eetra la nuit de mardi \u00e0 mercredi.<\/p>\n<p>Le temps va se r\u00e9chauffer demain \u00e0 Rennes avec une hausse de plusieurs degr\u00e9s. Les valeurs maximales attendues sont \u00e9lev\u00e9es, avec 33\u00b0C. Les temp\u00e9ratures afficheront entre 14 et 33\u00b0C. La matin\u00e9e qui s&rsquo;annonce, promet d&rsquo;\u00eatre superbe et ensoleill\u00e9e ! La ville va conna\u00eetre un passage d&rsquo;importantes chaleurs avec des valeurs qui atteindront parfois les 30\u00b0C. Un vent de nord-est rafra\u00eechira un peu l&rsquo;atmosph\u00e8re. Demain apr\u00e8s-midi, des nuages se montreront. Il faudra pr\u00e9voir des perturbations, les Rennais se retrouveront sous des pluies \u00e9parses. D&rsquo;un autre c\u00f4t\u00e9, une m\u00e9t\u00e9o plus chaude est pr\u00e9vue puisque le mercure va enregistrer une augmentation. La ville va p\u00e2tir des fortes chaleurs avec des temp\u00e9ratures qui devraient grimper jusqu&rsquo;\u00e0 33\u00b0C. On notera la pr\u00e9sence persistante de nuages demain soir. Le temps sera ponctu\u00e9 par des pluies \u00e9parses. Un vent d&rsquo;ouest soufflera l\u00e9g\u00e8rement, avec 15 km\/h.<\/p>\n<p>Des conditions m\u00e9t\u00e9orologiques mitig\u00e9es sont \u00e0 pr\u00e9voir les prochains jours. Le temps sera pluvieux jeudi mais il conna\u00eetra une am\u00e9lioration vendredi.<\/p>\n<p><\/p>\n","protected":false},"excerpt":{"rendered":"C&rsquo;est une magnifique journ\u00e9e dont va b\u00e9n\u00e9ficier Rennes, o\u00f9 le soleil va briller intens\u00e9ment. On pr\u00e9voit des valeurs&hellip;\n","protected":false},"author":2,"featured_media":199392,"comment_status":"","ping_status":"","sticky":false,"template":"","format":"standard","meta":{"footnotes":""},"categories":[2821],"tags":[1111,11,829,1777,674,1011,27,848,12,2119,584,25],"class_list":{"0":"post-199391","1":"post","2":"type-post","3":"status-publish","4":"format-standard","5":"has-post-thumbnail","7":"category-rennes","8":"tag-actu","9":"tag-actualites","10":"tag-bretagne","11":"tag-eu","12":"tag-europe","13":"tag-fr","14":"tag-france","15":"tag-ille-et-vilaine","16":"tag-news","17":"tag-previsions-meteo","18":"tag-rennes","19":"tag-republique-francaise"},"share_on_mastodon":{"url":"https:\/\/pubeurope.com\/@fr\/114735368383721289","error":""},"_links":{"self":[{"href":"https:\/\/www.europesays.com\/fr\/wp-json\/wp\/v2\/posts\/199391","targetHints":{"allow":["GET"]}}],"collection":[{"href":"https:\/\/www.europesays.com\/fr\/wp-json\/wp\/v2\/posts"}],"about":[{"href":"https:\/\/www.europesays.com\/fr\/wp-json\/wp\/v2\/types\/post"}],"author":[{"embeddable":true,"href":"https:\/\/www.europesays.com\/fr\/wp-json\/wp\/v2\/users\/2"}],"replies":[{"embeddable":true,"href":"https:\/\/www.europesays.com\/fr\/wp-json\/wp\/v2\/comments?post=199391"}],"version-history":[{"count":0,"href":"https:\/\/www.europesays.com\/fr\/wp-json\/wp\/v2\/posts\/199391\/revisions"}],"wp:featuredmedia":[{"embeddable":true,"href":"https:\/\/www.europesays.com\/fr\/wp-json\/wp\/v2\/media\/199392"}],"wp:attachment":[{"href":"https:\/\/www.europesays.com\/fr\/wp-json\/wp\/v2\/media?parent=199391"}],"wp:term":[{"taxonomy":"category","embeddable":true,"href":"https:\/\/www.europesays.com\/fr\/wp-json\/wp\/v2\/categories?post=199391"},{"taxonomy":"post_tag","embeddable":true,"href":"https:\/\/www.europesays.com\/fr\/wp-json\/wp\/v2\/tags?post=199391"}],"curies":[{"name":"wp","href":"https:\/\/api.w.org\/{rel}","templated":true}]}}