{"id":199401,"date":"2025-06-23T23:56:10","date_gmt":"2025-06-23T23:56:10","guid":{"rendered":"https:\/\/www.europesays.com\/fr\/199401\/"},"modified":"2025-06-23T23:56:10","modified_gmt":"2025-06-23T23:56:10","slug":"previsions-du-mardi-24-juin-2025-3","status":"publish","type":"post","link":"https:\/\/www.europesays.com\/fr\/199401\/","title":{"rendered":"pr\u00e9visions du mardi 24 juin 2025"},"content":{"rendered":"<p>Nantes aura la chance de pouvoir profiter d&rsquo;une superbe journ\u00e9e ensoleill\u00e9e. Les valeurs afficheront entre 11 et 30\u00b0C. Un vent d&rsquo;ouest soufflera l\u00e9g\u00e8rement, avec 10 km\/h. Il va faire en moyenne 21\u00b0C, le matin. L&rsquo;apr\u00e8s-midi, c&rsquo;est une hausse de plusieurs degr\u00e9s que vont enregistrer les temp\u00e9ratures. De tr\u00e8s grosses chaleurs (entre 28\u00b0C et 30\u00b0C) sont attendues. Les temp\u00e9ratures seront comprises entre 28\u00b0C et 30\u00b0C. Entre mardi et mercredi, la nuit sera claire.<\/p>\n<p>Demain, c&rsquo;est sur un ciel tapiss\u00e9 de nuages qu&rsquo;il faudra compter \u00e0 Nantes. Un temps plus chaud est pr\u00e9vu puisque le mercure va conna\u00eetre une augmentation. Les valeurs \u00e9volueront entre 16 et 33\u2009\u00b0C. Les temp\u00e9ratures s&rsquo;\u00e9chelonneront entre 16 et 33\u00b0C. Un vent de sud-ouest rafra\u00eechira sensiblement l&rsquo;atmosph\u00e8re. D&rsquo;un autre c\u00f4t\u00e9, le soleil sera dominant, la promesse d&rsquo;une belle matin\u00e9e ! Attention \u00e0 la vague de chaud. Des valeurs de 19 \u00e0 30\u00b0C sont annonc\u00e9es. On anticipe des temp\u00e9ratures avoisinant 26\u00b0C. Demain apr\u00e8s-midi, on verra l&rsquo;arriv\u00e9e de nuages. Des pluies \u00e9parses sont pr\u00e9vues. En revanche, les temp\u00e9ratures vont monter de quelques degr\u00e9s. Les valeurs maximums pr\u00e9vues sont importantes, avec 33\u00b0C. Les temp\u00e9ratures s&rsquo;\u00e9chelonneront de 25 \u00e0 33\u00b0C. Les nuages en pr\u00e9vision demain soir, et un ciel encore gris. Des pluies \u00e9parses sont attendues. Il fera 20\u00b0C en moyenne.<\/p>\n<p>La m\u00e9t\u00e9o des journ\u00e9es suivantes va changer progressivement. Apr\u00e8s une m\u00e9t\u00e9o stable jeudi, la situation changera vendredi.<\/p>\n<p><\/p>\n","protected":false},"excerpt":{"rendered":"Nantes aura la chance de pouvoir profiter d&rsquo;une superbe journ\u00e9e ensoleill\u00e9e. Les valeurs afficheront entre 11 et 30\u00b0C.&hellip;\n","protected":false},"author":2,"featured_media":199402,"comment_status":"","ping_status":"","sticky":false,"template":"","format":"standard","meta":{"footnotes":""},"categories":[2818],"tags":[1111,11,1777,674,1011,27,3047,766,12,2636,2119,25],"class_list":{"0":"post-199401","1":"post","2":"type-post","3":"status-publish","4":"format-standard","5":"has-post-thumbnail","7":"category-nantes","8":"tag-actu","9":"tag-actualites","10":"tag-eu","11":"tag-europe","12":"tag-fr","13":"tag-france","14":"tag-loire-atlantique","15":"tag-nantes","16":"tag-news","17":"tag-pays-de-la-loire","18":"tag-previsions-meteo","19":"tag-republique-francaise"},"share_on_mastodon":{"url":"https:\/\/pubeurope.com\/@fr\/114735388185489976","error":""},"_links":{"self":[{"href":"https:\/\/www.europesays.com\/fr\/wp-json\/wp\/v2\/posts\/199401","targetHints":{"allow":["GET"]}}],"collection":[{"href":"https:\/\/www.europesays.com\/fr\/wp-json\/wp\/v2\/posts"}],"about":[{"href":"https:\/\/www.europesays.com\/fr\/wp-json\/wp\/v2\/types\/post"}],"author":[{"embeddable":true,"href":"https:\/\/www.europesays.com\/fr\/wp-json\/wp\/v2\/users\/2"}],"replies":[{"embeddable":true,"href":"https:\/\/www.europesays.com\/fr\/wp-json\/wp\/v2\/comments?post=199401"}],"version-history":[{"count":0,"href":"https:\/\/www.europesays.com\/fr\/wp-json\/wp\/v2\/posts\/199401\/revisions"}],"wp:featuredmedia":[{"embeddable":true,"href":"https:\/\/www.europesays.com\/fr\/wp-json\/wp\/v2\/media\/199402"}],"wp:attachment":[{"href":"https:\/\/www.europesays.com\/fr\/wp-json\/wp\/v2\/media?parent=199401"}],"wp:term":[{"taxonomy":"category","embeddable":true,"href":"https:\/\/www.europesays.com\/fr\/wp-json\/wp\/v2\/categories?post=199401"},{"taxonomy":"post_tag","embeddable":true,"href":"https:\/\/www.europesays.com\/fr\/wp-json\/wp\/v2\/tags?post=199401"}],"curies":[{"name":"wp","href":"https:\/\/api.w.org\/{rel}","templated":true}]}}