{"id":199406,"date":"2025-06-23T23:59:17","date_gmt":"2025-06-23T23:59:17","guid":{"rendered":"https:\/\/www.europesays.com\/fr\/199406\/"},"modified":"2025-06-23T23:59:17","modified_gmt":"2025-06-23T23:59:17","slug":"girondins-gerard-lopez-injecte-9-millions-deuros-a-la-veille-du-verdict-du-tribunal-et-de-la-dncg","status":"publish","type":"post","link":"https:\/\/www.europesays.com\/fr\/199406\/","title":{"rendered":"Girondins : G\u00e9rard Lopez injecte 9 millions d\u2019euros \u00e0 la veille du verdict du tribunal et de la DNCG"},"content":{"rendered":"<p><img decoding=\"async\" src=\"https:\/\/www.europesays.com\/fr\/wp-content\/uploads\/2025\/05\/671_0e173ffebc0b8e44c6558b23def6dacf.jpg\" alt=\"Girondins : G\u00e9rard Lopez injecte 9 millions d\u2019euros \u00e0 la veille du verdict du tribunal et de la DNCG\" class=\"img-responsive mt-3\"\/><\/p>\n<p class=\"text-center mb-3\" style=\"font-size: 14px\">\u00a9 Iconsport<\/p>\n<p><strong>Une habitude bien connue<\/strong><\/p>\n<p style=\"text-align: justify;\">Ce type d\u2019op\u00e9ration est d\u00e9sormais r\u00e9current chez l\u2019homme d\u2019affaires hispanoluxembourgeois, qui a pris l\u2019habitude d\u2019agir <a href=\"https:\/\/www.webgirondins.com\/actualite-girondins-girondins-plan-de-continuation-cession-ou-liquidation-les-scenarios-possibles-129521\" target=\"_blank\" rel=\"noopener\">en derni\u00e8re minute avant les \u00e9ch\u00e9ances d\u00e9cisives<\/a> pour le club. Selon Cl\u00e9ment Carpentier (Ici Gironde), cette injection de 9 millions d&rsquo;euros permet de couvrir le budget pour la saison \u00e0 venir.<\/p>\n<p style=\"text-align: justify;\">Cette nouvelle mise au pot de G\u00e9rard Lopez pourrait peser dans la balance, en renfor\u00e7ant la cr\u00e9dibilit\u00e9 du projet financier d\u00e9fendu par les Girondins aux yeux du tribunal de commerce et de la DNCG.<\/p>\n<p style=\"text-align: justify;\">\u00a0<\/p>\n<blockquote class=\"twitter-tweet\">\n<p dir=\"ltr\" lang=\"fr\">:red_circle:\u26bd\ufe0fAvant la d\u00e9cision du tribunal de commerce de Bordeaux et le passage devant la DNCG, G\u00e9rard Lopez, le propri\u00e9taire des <a href=\"https:\/\/twitter.com\/girondins?ref_src=twsrc%5Etfw\" target=\"_blank\" rel=\"noopener\">@girondins<\/a>, a remis ce lundi soir au pot les 9 millions d\u2019euros n\u00e9cessaires pour couvrir le budget de la prochaine saison du club.<a href=\"https:\/\/twitter.com\/hashtag\/Bordeaux?src=hash&amp;ref_src=twsrc%5Etfw\" target=\"_blank\" rel=\"noopener\">#Bordeaux<\/a> <a href=\"https:\/\/twitter.com\/hashtag\/Girondins?src=hash&amp;ref_src=twsrc%5Etfw\" target=\"_blank\" rel=\"noopener\">#Girondins<\/a> <a href=\"https:\/\/twitter.com\/hashtag\/FCGB?src=hash&amp;ref_src=twsrc%5Etfw\" target=\"_blank\" rel=\"noopener\">#FCGB<\/a><\/p>\n<p>\u2014 Clement Carpentier (@clementcarpet) <a href=\"https:\/\/twitter.com\/clementcarpet\/status\/1937205420717932833?ref_src=twsrc%5Etfw\" target=\"_blank\" rel=\"noopener\">June 23, 2025<\/a>\n<\/p><\/blockquote>\n<p>\u00a0<\/p>\n<p>\u00a0<\/p>\n<p>\u00c0 lire &gt;&gt; <strong><a href=\"https:\/\/www.webgirondins.com\/actualite-girondins-girondins-cedric-carrasso-revient-sur-le-parcours-de-bordeaux-en-ligue-des-champions-129522\" target=\"_blank\" rel=\"noopener\">Girondins : C\u00e9dric Carrasso revient sur le parcours de Bordeaux en Ligue des Champions<\/a><\/strong><\/p>\n<p>\u00a0<\/p>\n<p>Notre podcast court :<\/p>\n<p>\u00a0<\/p>\n<p>\u00a0<\/p>\n<p>    <script async src=\"https:\/\/platform.twitter.com\/widgets.js\" charset=\"utf-8\"><\/script><\/p>\n","protected":false},"excerpt":{"rendered":"\u00a9 Iconsport Une habitude bien connue Ce type d\u2019op\u00e9ration est d\u00e9sormais r\u00e9current chez l\u2019homme d\u2019affaires hispanoluxembourgeois, qui a&hellip;\n","protected":false},"author":2,"featured_media":91496,"comment_status":"","ping_status":"","sticky":false,"template":"","format":"standard","meta":{"footnotes":""},"categories":[2817],"tags":[1111,11,3683,2562,3232,1997,33900,1003,33898,19747,1777,674,4658,1011,27,8294,1987,29018,33899,3465,3687,8295,9778,4657,12,2219,471,25,3242,3693,6077,376,5256],"class_list":{"0":"post-199406","1":"post","2":"type-post","3":"status-publish","4":"format-standard","5":"has-post-thumbnail","7":"category-bordeaux","8":"tag-actu","9":"tag-actualites","10":"tag-alors","11":"tag-annonce","12":"tag-avenir","13":"tag-bordeaux","14":"tag-boucler","15":"tag-budget","16":"tag-decisive","17":"tag-dncg","18":"tag-eu","19":"tag-europe","20":"tag-euros","21":"tag-fr","22":"tag-france","23":"tag-gerard","24":"tag-girondins","25":"tag-injecte","26":"tag-injecter","27":"tag-journee","28":"tag-juin","29":"tag-lopez","30":"tag-mardi","31":"tag-millions","32":"tag-news","33":"tag-nouvelle-aquitaine","34":"tag-pour","35":"tag-republique-francaise","36":"tag-saison","37":"tag-tribunal","38":"tag-veille","39":"tag-verdict","40":"tag-vient"},"share_on_mastodon":{"url":"https:\/\/pubeurope.com\/@fr\/114735399829063584","error":""},"_links":{"self":[{"href":"https:\/\/www.europesays.com\/fr\/wp-json\/wp\/v2\/posts\/199406","targetHints":{"allow":["GET"]}}],"collection":[{"href":"https:\/\/www.europesays.com\/fr\/wp-json\/wp\/v2\/posts"}],"about":[{"href":"https:\/\/www.europesays.com\/fr\/wp-json\/wp\/v2\/types\/post"}],"author":[{"embeddable":true,"href":"https:\/\/www.europesays.com\/fr\/wp-json\/wp\/v2\/users\/2"}],"replies":[{"embeddable":true,"href":"https:\/\/www.europesays.com\/fr\/wp-json\/wp\/v2\/comments?post=199406"}],"version-history":[{"count":0,"href":"https:\/\/www.europesays.com\/fr\/wp-json\/wp\/v2\/posts\/199406\/revisions"}],"wp:featuredmedia":[{"embeddable":true,"href":"https:\/\/www.europesays.com\/fr\/wp-json\/wp\/v2\/media\/91496"}],"wp:attachment":[{"href":"https:\/\/www.europesays.com\/fr\/wp-json\/wp\/v2\/media?parent=199406"}],"wp:term":[{"taxonomy":"category","embeddable":true,"href":"https:\/\/www.europesays.com\/fr\/wp-json\/wp\/v2\/categories?post=199406"},{"taxonomy":"post_tag","embeddable":true,"href":"https:\/\/www.europesays.com\/fr\/wp-json\/wp\/v2\/tags?post=199406"}],"curies":[{"name":"wp","href":"https:\/\/api.w.org\/{rel}","templated":true}]}}