{"id":199411,"date":"2025-06-24T00:02:09","date_gmt":"2025-06-24T00:02:09","guid":{"rendered":"https:\/\/www.europesays.com\/fr\/199411\/"},"modified":"2025-06-24T00:02:09","modified_gmt":"2025-06-24T00:02:09","slug":"previsions-du-mardi-24-juin-2025-6","status":"publish","type":"post","link":"https:\/\/www.europesays.com\/fr\/199411\/","title":{"rendered":"pr\u00e9visions du mardi 24 juin 2025"},"content":{"rendered":"<p>Lille aura la chance de pouvoir profiter d&rsquo;une superbe journ\u00e9e ensoleill\u00e9e. Les temp\u00e9ratures avoisineront les 19\u00b0C. La ville sera touch\u00e9e par un vent de sud-ouest de 20 km\/h. Il va faire 20\u00b0C en moyenne le matin. Les temp\u00e9ratures vont conna\u00eetre une augmentation de quelques degr\u00e9s dans l&rsquo;apr\u00e8s-midi. Les valeurs seront comprises entre 23 et 25\u00b0C. Le soir, on anticipe des temp\u00e9ratures d&rsquo;environ 20\u00b0C. C&rsquo;est un ciel limpide que conna\u00eetra la nuit de mardi \u00e0 mercredi.<\/p>\n<p>Pour Lille, une m\u00e9t\u00e9o plus chaude est pr\u00e9vue demain puisque le mercure va enregistrer une hausse. La ville va p\u00e2tir des grosses chaleurs avec des valeurs qui pourraient grimper \u00e0 30\u00b0C. Les temp\u00e9ratures afficheront entre 15 et 30\u00b0C. Le ciel va l\u00e9g\u00e8rement se d\u00e9gager dans la matin\u00e9e avec des \u00e9claircies. Un vent d&rsquo;ouest soufflera un peu, avec 11 km\/h. Cet apr\u00e8s-midi rimera avec grand soleil. C&rsquo;est une hausse de plusieurs degr\u00e9s que vont conna\u00eetre les temp\u00e9ratures. De tr\u00e8s importantes chaleurs (entre 28\u00b0C et 30\u00b0C) sont pr\u00e9vues. Les valeurs s&rsquo;\u00e9chelonneront entre 28\u00b0C et 30\u00b0C. Une brise de nord-est soufflera doucement dans la soir\u00e9e.<\/p>\n<p>Les conditions m\u00e9t\u00e9orologiques seront assez mitig\u00e9es pour les jours \u00e0 venir. Une am\u00e9lioration est attendue vendredi, tandis que la journ\u00e9e de jeudi aura \u00e9t\u00e9 pluvieuse.<\/p>\n<p><\/p>\n","protected":false},"excerpt":{"rendered":"Lille aura la chance de pouvoir profiter d&rsquo;une superbe journ\u00e9e ensoleill\u00e9e. Les temp\u00e9ratures avoisineront les 19\u00b0C. La ville&hellip;\n","protected":false},"author":2,"featured_media":199412,"comment_status":"","ping_status":"","sticky":false,"template":"","format":"standard","meta":{"footnotes":""},"categories":[2815],"tags":[1111,11,1777,674,1011,27,811,1307,12,1308,1309,2119,25],"class_list":{"0":"post-199411","1":"post","2":"type-post","3":"status-publish","4":"format-standard","5":"has-post-thumbnail","7":"category-lille","8":"tag-actu","9":"tag-actualites","10":"tag-eu","11":"tag-europe","12":"tag-fr","13":"tag-france","14":"tag-hauts-de-france","15":"tag-lille","16":"tag-news","17":"tag-nord","18":"tag-nord-pas-de-calais","19":"tag-previsions-meteo","20":"tag-republique-francaise"},"share_on_mastodon":{"url":"https:\/\/pubeurope.com\/@fr\/114735411683700932","error":""},"_links":{"self":[{"href":"https:\/\/www.europesays.com\/fr\/wp-json\/wp\/v2\/posts\/199411","targetHints":{"allow":["GET"]}}],"collection":[{"href":"https:\/\/www.europesays.com\/fr\/wp-json\/wp\/v2\/posts"}],"about":[{"href":"https:\/\/www.europesays.com\/fr\/wp-json\/wp\/v2\/types\/post"}],"author":[{"embeddable":true,"href":"https:\/\/www.europesays.com\/fr\/wp-json\/wp\/v2\/users\/2"}],"replies":[{"embeddable":true,"href":"https:\/\/www.europesays.com\/fr\/wp-json\/wp\/v2\/comments?post=199411"}],"version-history":[{"count":0,"href":"https:\/\/www.europesays.com\/fr\/wp-json\/wp\/v2\/posts\/199411\/revisions"}],"wp:featuredmedia":[{"embeddable":true,"href":"https:\/\/www.europesays.com\/fr\/wp-json\/wp\/v2\/media\/199412"}],"wp:attachment":[{"href":"https:\/\/www.europesays.com\/fr\/wp-json\/wp\/v2\/media?parent=199411"}],"wp:term":[{"taxonomy":"category","embeddable":true,"href":"https:\/\/www.europesays.com\/fr\/wp-json\/wp\/v2\/categories?post=199411"},{"taxonomy":"post_tag","embeddable":true,"href":"https:\/\/www.europesays.com\/fr\/wp-json\/wp\/v2\/tags?post=199411"}],"curies":[{"name":"wp","href":"https:\/\/api.w.org\/{rel}","templated":true}]}}