{"id":199416,"date":"2025-06-24T00:05:09","date_gmt":"2025-06-24T00:05:09","guid":{"rendered":"https:\/\/www.europesays.com\/fr\/199416\/"},"modified":"2025-06-24T00:05:09","modified_gmt":"2025-06-24T00:05:09","slug":"a-marseille-le-quotidien-rude-des-habitants-des-quartiers-nord-pris-en-etau-entre-narcotrafiquants-et-police","status":"publish","type":"post","link":"https:\/\/www.europesays.com\/fr\/199416\/","title":{"rendered":"\u00c0 Marseille, le quotidien rude des habitants des quartiers nord, pris en \u00e9tau entre narcotrafiquants et police"},"content":{"rendered":"<p>\n                                                Second volet d&rsquo;une s\u00e9rie de reportages sur le trafic et la consommation de stup\u00e9fiants en France, en hausse constante. Une situation dont p\u00e2tissent aussi les riverains des villes concern\u00e9es. \u00c0 Marseille, certains quartiers vivent sous la pression permanente des r\u00e9seaux de trafic, de la pression polici\u00e8re et des pressions sociales. Comment fait-on face quand la violence s&rsquo;invite jusque dans les halls d&rsquo;immeubles ou \u00e0 la sortie de l&rsquo;\u00e9cole\u00a0? Rencontre avec ces habitants qui vivent cette r\u00e9alit\u00e9 au quotidien, entre peur, col\u00e8re et sentiment d\u2019abandon.\u00a0                    <\/p>\n<p>Dans ce quartier au nord de Marseille, dans le sud de la <a href=\"https:\/\/www.rfi.fr\/fr\/france\/\" target=\"_self\" rel=\"noopener\"><strong>France<\/strong><\/a>, le point de deal vient d&rsquo;ouvrir. Les cris des guetteurs r\u00e9sonnent toute la journ\u00e9e sous les fen\u00eatres de Nadia. Mais il y a deux ans, le trafic a fait une irruption beaucoup plus violente dans sa vie. \u00c0 l&rsquo;\u00e9poque, son fils travaille une journ\u00e9e pour le trafic. Elle l&#8217;emp\u00eache d&rsquo;y retourner. C&rsquo;est elle et son mari qui en paient les frais, pass\u00e9s \u00e0 tabac dans leur hall.\u00a0\u00ab Six, sept sur une personne. Du sang et tout. Parce qu&rsquo;elle voulait r\u00e9cup\u00e9rer mon fils. Il avait 11 ans. J&rsquo;ai port\u00e9 plainte, mais ils n&rsquo;ont rien fait\u00a0\u00bb, se rem\u00e9more-t-elle. Depuis, Nadia est souvent contrainte de laisser son appartement aux trafiquants.\u00a0\u00ab\u00a0M\u00eame maintenant, ils viennent, ils me disent \u00a0\u00bbLaisse ta porte ouverte\u00a0\u00bb. Je ne peux pas dire non. C&rsquo;est Chicago, ici\u00a0\u00bb, se d\u00e9sole-t-elle.<\/p>\n<p>\u00c0 la sortie de l&rsquo;\u00e9cole, \u00e0 quelques dizaines de m\u00e8tres du quartier, un groupe de mamans raconte aussi leur sentiment d&rsquo;impuissance face au trafic. Dalie est \u00e9boueuse, et c&rsquo;est la nuit qu&rsquo;elle a le plus peur.\u00a0\u00ab\u00a0C&rsquo;est lourd. Je me l\u00e8ve \u00e0 4h du matin, je sors en pleine nuit, je ne sais pas ce qui va m&rsquo;arriver. Mais apr\u00e8s, \u00e7a fait 50 ans, j&rsquo;ai fait toute ma scolarit\u00e9. La plupart des jeunes, je les ai vus grandir et je vois que la soci\u00e9t\u00e9, elle ne leur donne aucune chance. Je trouve que c&rsquo;est injuste, ils en ont besoin ces jeunes\u00a0\u00bb, regrette-t-elle.<\/p>\n<p>Une injustice pour ces jeunes, mais aussi pour les habitants du quartier qui se sentent pris en \u00e9tau entre les op\u00e9rations de police et le deal.\u00a0\u00ab\u00a0La probl\u00e9matique, c&rsquo;est que quand la police vient dans le quartier&#8230; Je comprends qu&rsquo;elle fait son boulot, mais c&rsquo;est toujours \u00e0 la sortie de l&rsquo;\u00e9cole. On se fait gazer, les enfants sont en plein milieu et ce n&rsquo;est pas facile psychologiquement\u00a0\u00bb, explique Malika. \u00ab\u00a0On se retrouve en otage entre les deux, avec les jeunes et les policiers. Il y a des contr\u00f4les assez dur avec les jeunes, et m\u00eame avec les adultes. Au lieu de se sentir soutenus, on se sent comme si on \u00e9tait coupables, nous aussi\u00a0\u00bb, abonde Miriam.<\/p>\n<p>Comme la plupart des habitants interrog\u00e9s, ces m\u00e8res de familles ne voient pas de solutions r\u00e9elles au trafic de drogue, ou aux conditions dans lesquelles elles vivent. Pour elles, seule solution : trouver un autre appartement. Une t\u00e2che compliqu\u00e9e, alors que les prix des loyers dans le priv\u00e9 sont en constante augmentation.\u00a0<\/p>\n<p class=\"a-read-more\">\u00c0 lire aussi<a href=\"https:\/\/www.rfi.fr\/fr\/podcasts\/reportage-france\/20250622-en-france-l-explosion-de-la-consommation-de-stup%C3%A9fiants-touche-toutes-les-cat%C3%A9gories-de-population\" target=\"_self\" class=\"a-read-more__link\" rel=\"noopener\">En France, l&rsquo;explosion de la consommation de stup\u00e9fiants touche toutes les cat\u00e9gories de population<\/a><\/p>\n","protected":false},"excerpt":{"rendered":"Second volet d&rsquo;une s\u00e9rie de reportages sur le trafic et la consommation de stup\u00e9fiants en France, en hausse&hellip;\n","protected":false},"author":2,"featured_media":199417,"comment_status":"","ping_status":"","sticky":false,"template":"","format":"standard","meta":{"footnotes":""},"categories":[2814],"tags":[1111,11,2951,1052,1777,674,1011,27,884,12,882,5920,25,104],"class_list":{"0":"post-199416","1":"post","2":"type-post","3":"status-publish","4":"format-standard","5":"has-post-thumbnail","7":"category-marseille","8":"tag-actu","9":"tag-actualites","10":"tag-criminalite","11":"tag-drogue","12":"tag-eu","13":"tag-europe","14":"tag-fr","15":"tag-france","16":"tag-marseille","17":"tag-news","18":"tag-provence-alpes-cote-dazur","19":"tag-reportage-france","20":"tag-republique-francaise","21":"tag-societe"},"share_on_mastodon":{"url":"https:\/\/pubeurope.com\/@fr\/114735423519324358","error":""},"_links":{"self":[{"href":"https:\/\/www.europesays.com\/fr\/wp-json\/wp\/v2\/posts\/199416","targetHints":{"allow":["GET"]}}],"collection":[{"href":"https:\/\/www.europesays.com\/fr\/wp-json\/wp\/v2\/posts"}],"about":[{"href":"https:\/\/www.europesays.com\/fr\/wp-json\/wp\/v2\/types\/post"}],"author":[{"embeddable":true,"href":"https:\/\/www.europesays.com\/fr\/wp-json\/wp\/v2\/users\/2"}],"replies":[{"embeddable":true,"href":"https:\/\/www.europesays.com\/fr\/wp-json\/wp\/v2\/comments?post=199416"}],"version-history":[{"count":0,"href":"https:\/\/www.europesays.com\/fr\/wp-json\/wp\/v2\/posts\/199416\/revisions"}],"wp:featuredmedia":[{"embeddable":true,"href":"https:\/\/www.europesays.com\/fr\/wp-json\/wp\/v2\/media\/199417"}],"wp:attachment":[{"href":"https:\/\/www.europesays.com\/fr\/wp-json\/wp\/v2\/media?parent=199416"}],"wp:term":[{"taxonomy":"category","embeddable":true,"href":"https:\/\/www.europesays.com\/fr\/wp-json\/wp\/v2\/categories?post=199416"},{"taxonomy":"post_tag","embeddable":true,"href":"https:\/\/www.europesays.com\/fr\/wp-json\/wp\/v2\/tags?post=199416"}],"curies":[{"name":"wp","href":"https:\/\/api.w.org\/{rel}","templated":true}]}}