{"id":199418,"date":"2025-06-24T00:06:18","date_gmt":"2025-06-24T00:06:18","guid":{"rendered":"https:\/\/www.europesays.com\/fr\/199418\/"},"modified":"2025-06-24T00:06:18","modified_gmt":"2025-06-24T00:06:18","slug":"un-homme-en-garde-a-vue","status":"publish","type":"post","link":"https:\/\/www.europesays.com\/fr\/199418\/","title":{"rendered":"un homme en garde \u00e0 vue"},"content":{"rendered":"<p itemprop=\"description\"><strong>Lundi 23 juin, une trentaine de militants anti-OGM ont p\u00e9n\u00e9tr\u00e9 sur le site industriel de BASF \u00e0 Genay, dans le Rh\u00f4ne. L\u2019un d\u2019eux, pr\u00e9sent\u00e9 comme l\u2019organisateur de l\u2019action, a \u00e9t\u00e9 interpell\u00e9 et plac\u00e9 en garde \u00e0 vue.<\/strong><\/p>\n<p>Les Faucheurs Volontaires ont men\u00e9 une action coup de poing ce lundi matin \u00e0 Genay, au nord de Lyon. Selon la pr\u00e9fecture du Rh\u00f4ne, \u00ab\u00a0plusieurs dizaines de manifestants se sont introduits sur le site de l\u2019entreprise BASF\u00a0\u00bb, sp\u00e9cialis\u00e9e dans la fabrication et le conditionnement de produits phytosanitaires pour le secteur agricole.<\/p>\n<p>\u00ab\u00a0Les employ\u00e9s et les installations ont \u00e9t\u00e9 imm\u00e9diatement mis en s\u00e9curit\u00e9\u00a0\u00bb, pr\u00e9cise la pr\u00e9fecture, ajoutant que l&rsquo;exploitant a activ\u00e9 sa cellule de crise \u00ab\u00a0en lien \u00e9troit avec les services de la pr\u00e9fecture et de la gendarmerie nationale.\u00a0\u00bb<\/p>\n<p>Un important dispositif a \u00e9t\u00e9 d\u00e9ploy\u00e9 sur place : 37 militaires de la gendarmerie ont \u00e9t\u00e9 mobilis\u00e9s, appuy\u00e9s par un h\u00e9licopt\u00e8re. Tous les militants ont \u00e9t\u00e9 contr\u00f4l\u00e9s et \u00e9vacu\u00e9s par les forces de l\u2019ordre, indique encore la pr\u00e9fecture. L\u2019organisateur pr\u00e9sum\u00e9 de l\u2019intrusion a \u00e9t\u00e9 plac\u00e9 en garde \u00e0 vue.<\/p>\n<p>Le site industriel de Genay est class\u00e9 Seveso, en raison de la nature des produits chimiques qui y sont manipul\u00e9s. Les Faucheurs Volontaires, mouvement connu pour ses actions contre les OGM depuis le d\u00e9but des ann\u00e9es 2000, revendiquent r\u00e9guli\u00e8rement ce type d\u2019op\u00e9rations.<\/p>\n<blockquote class=\"twitter-tweet\"><p>&#13;<\/p>\n<p dir=\"ltr\" lang=\"fr\">Cette action s&rsquo;inscrit dans le contexte de la mobilisation contre la PPL Duplomb. <br \/>Le communiqu\u00e9 de presse des Faucheuses et Faucheurs volontaires d&rsquo; <a href=\"https:\/\/twitter.com\/hashtag\/OGM?src=hash&amp;ref_src=twsrc%5Etfw\" target=\"_blank\" rel=\"noopener\">#OGM<\/a>\ud83d\udc47 <a href=\"https:\/\/t.co\/JUchA90KE2\">pic.twitter.com\/JUchA90KE2<\/a><\/p>\n<p>&#13;<br \/>\n\u2014 Conf&rsquo; Paysanne (@ConfPaysanne) <a href=\"https:\/\/twitter.com\/ConfPaysanne\/status\/1937167133420474460?ref_src=twsrc%5Etfw\" target=\"_blank\" rel=\"noopener\">June 23, 2025<\/a><\/p><\/blockquote>\n<p>\t\t  <script async src=\"https:\/\/platform.twitter.com\/widgets.js\" charset=\"utf-8\"><\/script><\/p>\n","protected":false},"excerpt":{"rendered":"Lundi 23 juin, une trentaine de militants anti-OGM ont p\u00e9n\u00e9tr\u00e9 sur le site industriel de BASF \u00e0 Genay,&hellip;\n","protected":false},"author":2,"featured_media":199419,"comment_status":"","ping_status":"","sticky":false,"template":"","format":"standard","meta":{"footnotes":""},"categories":[1889],"tags":[1111,11,2813,2190,2430,1109,251,1112,2811,1777,674,118,1011,27,1922,1110,1114,2428,2810,12,241,316,25,2812,517,800],"class_list":{"0":"post-199418","1":"post","2":"type-post","3":"status-publish","4":"format-standard","5":"has-post-thumbnail","7":"category-lyon","8":"tag-actu","9":"tag-actualites","10":"tag-article","11":"tag-asvel","12":"tag-auvergne-rhone-alpes","13":"tag-breves","14":"tag-culture","15":"tag-depeches","16":"tag-economique","17":"tag-eu","18":"tag-europe","19":"tag-faits-divers","20":"tag-fr","21":"tag-france","22":"tag-info","23":"tag-informations","24":"tag-infos","25":"tag-lyon","26":"tag-lyonmag","27":"tag-news","28":"tag-ol","29":"tag-politique","30":"tag-republique-francaise","31":"tag-sociale","32":"tag-sport","33":"tag-transports"},"share_on_mastodon":{"url":"https:\/\/pubeurope.com\/@fr\/114735427408888518","error":""},"_links":{"self":[{"href":"https:\/\/www.europesays.com\/fr\/wp-json\/wp\/v2\/posts\/199418","targetHints":{"allow":["GET"]}}],"collection":[{"href":"https:\/\/www.europesays.com\/fr\/wp-json\/wp\/v2\/posts"}],"about":[{"href":"https:\/\/www.europesays.com\/fr\/wp-json\/wp\/v2\/types\/post"}],"author":[{"embeddable":true,"href":"https:\/\/www.europesays.com\/fr\/wp-json\/wp\/v2\/users\/2"}],"replies":[{"embeddable":true,"href":"https:\/\/www.europesays.com\/fr\/wp-json\/wp\/v2\/comments?post=199418"}],"version-history":[{"count":0,"href":"https:\/\/www.europesays.com\/fr\/wp-json\/wp\/v2\/posts\/199418\/revisions"}],"wp:featuredmedia":[{"embeddable":true,"href":"https:\/\/www.europesays.com\/fr\/wp-json\/wp\/v2\/media\/199419"}],"wp:attachment":[{"href":"https:\/\/www.europesays.com\/fr\/wp-json\/wp\/v2\/media?parent=199418"}],"wp:term":[{"taxonomy":"category","embeddable":true,"href":"https:\/\/www.europesays.com\/fr\/wp-json\/wp\/v2\/categories?post=199418"},{"taxonomy":"post_tag","embeddable":true,"href":"https:\/\/www.europesays.com\/fr\/wp-json\/wp\/v2\/tags?post=199418"}],"curies":[{"name":"wp","href":"https:\/\/api.w.org\/{rel}","templated":true}]}}