{"id":199420,"date":"2025-06-24T00:07:12","date_gmt":"2025-06-24T00:07:12","guid":{"rendered":"https:\/\/www.europesays.com\/fr\/199420\/"},"modified":"2025-06-24T00:07:12","modified_gmt":"2025-06-24T00:07:12","slug":"previsions-du-mardi-24-juin-2025-7","status":"publish","type":"post","link":"https:\/\/www.europesays.com\/fr\/199420\/","title":{"rendered":"pr\u00e9visions du mardi 24 juin 2025"},"content":{"rendered":"<p>Un splendide soleil brillera sur Lyon, o\u00f9 la journ\u00e9e sera des plus agr\u00e9ables. L&rsquo;\u00e9t\u00e9 s&rsquo;est d\u00e9finitivement install\u00e9 puisque les valeurs s&rsquo;\u00e9chelonneront de 18 \u00e0 33\u00b0C. Un vent de nord-est soufflera doucement. La ville va souffrir des fortes chaleurs avec des temp\u00e9ratures qui devraient grimper jusqu&rsquo;\u00e0 32\u00b0C le matin. L&rsquo;air ambiant va se r\u00e9chauffer l&rsquo;apr\u00e8s-midi avec une augmentation de plusieurs degr\u00e9s pour un \u00e9t\u00e9 chaud. Les valeurs maximales annonc\u00e9es sont \u00e9lev\u00e9es, avec 33\u00b0C. La ville va conna\u00eetre, le soir, une vague de grosses chaleurs avec des temp\u00e9ratures qui atteindront parfois les 30\u00b0C. Le ciel sera d\u00e9pourvu de nuages dans la nuit de mardi \u00e0 mercredi.<\/p>\n<p>C&rsquo;est un soleil \u00e9clatant qui va se montrer demain sur Lyon. Un temps plus chaud est pr\u00e9vu \u00e9tant donn\u00e9 que les temp\u00e9ratures vont enregistrer une hausse, remplissant les terrasses d&rsquo;habitants et de vacanciers venus appr\u00e9cier l&rsquo;\u00e9t\u00e9. Les valeurs \u00e9volueront entre 19 et 37\u2009\u00b0C. Les temp\u00e9ratures seront comprises entre 19 et 37\u00b0C, un temps r\u00e9solument de saison. Une l\u00e9g\u00e8re brise de sud-est sera ressentie par les habitants. Prenez garde \u00e0 la vague de chaleur au cours de la matin\u00e9e. Des valeurs de 22 \u00e0 33\u00b0C sont pr\u00e9vues. L&rsquo;\u00e9t\u00e9 prend ses quartiers ! Les temp\u00e9ratures vont monter pendant l&rsquo;apr\u00e8s-midi de plusieurs degr\u00e9s. De tr\u00e8s importantes chaleurs (entre 35\u00b0C et 37\u00b0C) sont attendues. La soir\u00e9e va \u00eatre tr\u00e8s suffocante : pr\u00e8s de 33\u00b0C.<\/p>\n<p>Les jours qui suivent s&rsquo;annoncent similaires. Des temp\u00e9ratures dans les 30\u00b0C accompagneront un ciel ensoleill\u00e9.<\/p>\n<p>Prenez vos dispositions face aux grandes chaleurs : il faut se rappeler de boire, \u00e9viter de s&rsquo;exposer au soleil pendant les heures les plus chaudes et se rafra\u00eechir avec un brumisateur ou un linge mouill\u00e9. Soyez attentif aux personnes vuln\u00e9rables dans votre entourage.<\/p>\n","protected":false},"excerpt":{"rendered":"Un splendide soleil brillera sur Lyon, o\u00f9 la journ\u00e9e sera des plus agr\u00e9ables. L&rsquo;\u00e9t\u00e9 s&rsquo;est d\u00e9finitivement install\u00e9 puisque&hellip;\n","protected":false},"author":2,"featured_media":199421,"comment_status":"","ping_status":"","sticky":false,"template":"","format":"standard","meta":{"footnotes":""},"categories":[1889],"tags":[1111,11,2430,1777,674,1011,27,2428,12,2119,25,2429,2431],"class_list":{"0":"post-199420","1":"post","2":"type-post","3":"status-publish","4":"format-standard","5":"has-post-thumbnail","7":"category-lyon","8":"tag-actu","9":"tag-actualites","10":"tag-auvergne-rhone-alpes","11":"tag-eu","12":"tag-europe","13":"tag-fr","14":"tag-france","15":"tag-lyon","16":"tag-news","17":"tag-previsions-meteo","18":"tag-republique-francaise","19":"tag-rhone","20":"tag-rhone-alpes"},"share_on_mastodon":{"url":"https:\/\/pubeurope.com\/@fr\/114735431190323523","error":""},"_links":{"self":[{"href":"https:\/\/www.europesays.com\/fr\/wp-json\/wp\/v2\/posts\/199420","targetHints":{"allow":["GET"]}}],"collection":[{"href":"https:\/\/www.europesays.com\/fr\/wp-json\/wp\/v2\/posts"}],"about":[{"href":"https:\/\/www.europesays.com\/fr\/wp-json\/wp\/v2\/types\/post"}],"author":[{"embeddable":true,"href":"https:\/\/www.europesays.com\/fr\/wp-json\/wp\/v2\/users\/2"}],"replies":[{"embeddable":true,"href":"https:\/\/www.europesays.com\/fr\/wp-json\/wp\/v2\/comments?post=199420"}],"version-history":[{"count":0,"href":"https:\/\/www.europesays.com\/fr\/wp-json\/wp\/v2\/posts\/199420\/revisions"}],"wp:featuredmedia":[{"embeddable":true,"href":"https:\/\/www.europesays.com\/fr\/wp-json\/wp\/v2\/media\/199421"}],"wp:attachment":[{"href":"https:\/\/www.europesays.com\/fr\/wp-json\/wp\/v2\/media?parent=199420"}],"wp:term":[{"taxonomy":"category","embeddable":true,"href":"https:\/\/www.europesays.com\/fr\/wp-json\/wp\/v2\/categories?post=199420"},{"taxonomy":"post_tag","embeddable":true,"href":"https:\/\/www.europesays.com\/fr\/wp-json\/wp\/v2\/tags?post=199420"}],"curies":[{"name":"wp","href":"https:\/\/api.w.org\/{rel}","templated":true}]}}