{"id":199436,"date":"2025-06-24T00:16:11","date_gmt":"2025-06-24T00:16:11","guid":{"rendered":"https:\/\/www.europesays.com\/fr\/199436\/"},"modified":"2025-06-24T00:16:11","modified_gmt":"2025-06-24T00:16:11","slug":"conflit-iran-israel-les-gardiens-de-la-revolution-promettent-de-faire-regretter-aux-usa-toute-nouvelle-attaque","status":"publish","type":"post","link":"https:\/\/www.europesays.com\/fr\/199436\/","title":{"rendered":"Conflit Iran-Isra\u00ebl &#8211; Les Gardiens de la R\u00e9volution promettent de faire regretter aux USA toute nouvelle attaque"},"content":{"rendered":"<p class=\"ap-StoryElement ap-StoryElement--mb ap-StoryText\">\u00ab\u00a0Nous mettons en garde le stupide pr\u00e9sident am\u00e9ricain\u00a0\u00bb Donald Trump \u00ab\u00a0qu&rsquo;en cas de nouvelle agression (&#8230;) il recevra d&rsquo;autres r\u00e9ponses \u00e9crasantes qu&rsquo;il regrettera\u00a0\u00bb, a affirm\u00e9 le chef des Gardiens, Mohammad Pakpour, cit\u00e9 par la t\u00e9l\u00e9vision d&rsquo;Etat.<\/p>\n<p class=\"ap-StoryElement ap-StoryElement--mb ap-StoryText\">Dans la soir\u00e9e, le pr\u00e9sident am\u00e9ricain a annonc\u00e9 qu&rsquo;un \u00ab\u00a0cessez-le-feu\u00a0\u00bb avait \u00e9t\u00e9 d\u00e9gag\u00e9 entre l&rsquo;Iran et Isra\u00ebl, mais aucune des parties prenantes n&rsquo;a encore confirm\u00e9 ou comment\u00e9 l&rsquo;annonce.<\/p>\n","protected":false},"excerpt":{"rendered":"\u00ab\u00a0Nous mettons en garde le stupide pr\u00e9sident am\u00e9ricain\u00a0\u00bb Donald Trump \u00ab\u00a0qu&rsquo;en cas de nouvelle agression (&#8230;) il recevra&hellip;\n","protected":false},"author":2,"featured_media":2837,"comment_status":"","ping_status":"","sticky":false,"template":"","format":"standard","meta":{"footnotes":""},"categories":[1589],"tags":[11,2120,73,1866,3019,664,12,1864,1865,1863,308],"class_list":{"0":"post-199436","1":"post","2":"type-post","3":"status-publish","4":"format-standard","5":"has-post-thumbnail","7":"category-etats-unis","8":"tag-actualites","9":"tag-conflit","10":"tag-etats-unis","11":"tag-etats-unis-damerique","12":"tag-iran","13":"tag-israel","14":"tag-news","15":"tag-united-states","16":"tag-united-states-of-america","17":"tag-us","18":"tag-usa"},"share_on_mastodon":{"url":"https:\/\/pubeurope.com\/@fr\/114735467407532183","error":""},"_links":{"self":[{"href":"https:\/\/www.europesays.com\/fr\/wp-json\/wp\/v2\/posts\/199436","targetHints":{"allow":["GET"]}}],"collection":[{"href":"https:\/\/www.europesays.com\/fr\/wp-json\/wp\/v2\/posts"}],"about":[{"href":"https:\/\/www.europesays.com\/fr\/wp-json\/wp\/v2\/types\/post"}],"author":[{"embeddable":true,"href":"https:\/\/www.europesays.com\/fr\/wp-json\/wp\/v2\/users\/2"}],"replies":[{"embeddable":true,"href":"https:\/\/www.europesays.com\/fr\/wp-json\/wp\/v2\/comments?post=199436"}],"version-history":[{"count":0,"href":"https:\/\/www.europesays.com\/fr\/wp-json\/wp\/v2\/posts\/199436\/revisions"}],"wp:featuredmedia":[{"embeddable":true,"href":"https:\/\/www.europesays.com\/fr\/wp-json\/wp\/v2\/media\/2837"}],"wp:attachment":[{"href":"https:\/\/www.europesays.com\/fr\/wp-json\/wp\/v2\/media?parent=199436"}],"wp:term":[{"taxonomy":"category","embeddable":true,"href":"https:\/\/www.europesays.com\/fr\/wp-json\/wp\/v2\/categories?post=199436"},{"taxonomy":"post_tag","embeddable":true,"href":"https:\/\/www.europesays.com\/fr\/wp-json\/wp\/v2\/tags?post=199436"}],"curies":[{"name":"wp","href":"https:\/\/api.w.org\/{rel}","templated":true}]}}