{"id":199439,"date":"2025-06-24T00:18:09","date_gmt":"2025-06-24T00:18:09","guid":{"rendered":"https:\/\/www.europesays.com\/fr\/199439\/"},"modified":"2025-06-24T00:18:09","modified_gmt":"2025-06-24T00:18:09","slug":"lopinion-publique-allemande-redecouvre-son-armee-federale-a-la-faveur-du-rearmement-engage","status":"publish","type":"post","link":"https:\/\/www.europesays.com\/fr\/199439\/","title":{"rendered":"L&rsquo;opinion publique allemande red\u00e9couvre son arm\u00e9e f\u00e9d\u00e9rale \u00e0 la faveur du r\u00e9armement engag\u00e9"},"content":{"rendered":"<p>\n                                                Les Allemands red\u00e9couvrent leur Bundeswehr, leur arm\u00e9e nationale. Depuis la guerre en Ukraine, on parle en Allemagne de \u00ab\u00a0changement d&rsquo;\u00e9poque\u00a0\u00bb. Les autorit\u00e9s consacrent d\u00e9sormais des sommes faramineuses \u00e0 la d\u00e9fense. Un fonds de 100 milliards d&rsquo;euros a \u00e9t\u00e9 cr\u00e9\u00e9. Une augmentation du budget qui devrait \u00eatre confirm\u00e9 au sommet de l&rsquo;Otan. Du jamais vu depuis des d\u00e9cennies dans ce pays o\u00f9 les opinions sur le sujet \u00e9voluent.                    <\/p>\n<p>De notre correspondante \u00e0 Berlin,<\/p>\n<p>Il fait une chaleur de plomb en ce dimanche de juin dans la capitale allemande. Au pied du Reichstag, de nombreux stands ont \u00e9t\u00e9 dress\u00e9s : arm\u00e9e de l&rsquo;Air, arm\u00e9e de Terre, jeunes officiers devant un stand&#8230; Le lieutenant H\u00fclya S\u00fczen, cheveux courts et blonds, se r\u00e9jouit du nouvel int\u00e9r\u00eat de la population envers la Bundeswehr. Cette femme officier a particip\u00e9 \u00e0 plusieurs op\u00e9rations de l&rsquo;arm\u00e9e allemande en <a href=\"https:\/\/www.rfi.fr\/fr\/tag\/irak\/\" target=\"_self\" rel=\"nofollow noopener\"><strong>Irak<\/strong><\/a> et au <a href=\"https:\/\/www.rfi.fr\/fr\/tag\/kosovo\/\" target=\"_self\" rel=\"nofollow noopener\"><strong>Kosovo<\/strong><\/a>.<\/p>\n<p>\u00ab\u00a0Avant la guerre en Ukraine, la population nous montrait un d\u00e9sint\u00e9r\u00eat bienveillant. Maintenant, les choses sont diff\u00e9rentes et, pour la premi\u00e8re fois, comme avec les Am\u00e9ricains, les gens viennent nous voir et nous remercient pour notre travail. Cela signifie beaucoup pour moi en tant que soldate\u00a0\u00bb, explique-t-elle.<\/p>\n<p>L&rsquo;invasion de l&rsquo;<a href=\"https:\/\/www.rfi.fr\/fr\/tag\/ukraine\/\" target=\"_self\" rel=\"nofollow noopener\"><strong>Ukraine<\/strong><\/a> par la <a href=\"https:\/\/www.rfi.fr\/fr\/tag\/russie\/\" target=\"_self\" rel=\"nofollow noopener\"><strong>Russie<\/strong><\/a> a en effet \u00e9t\u00e9 un tournant dans les mentalit\u00e9s en <a href=\"https:\/\/www.rfi.fr\/fr\/tag\/allemagne\/\" target=\"_self\" rel=\"nofollow noopener\"><strong>Allemagne<\/strong><\/a>, marqu\u00e9es par un profond pacifisme. Apr\u00e8s la chute du rideau de fer, le pays se sentait en s\u00e9curit\u00e9, prot\u00e9g\u00e9 par l&rsquo;<a href=\"https:\/\/www.rfi.fr\/fr\/tag\/otan\/\" target=\"_self\" rel=\"nofollow noopener\"><strong>Otan<\/strong><\/a> et par le grand fr\u00e8re am\u00e9ricain. Mais cela change, estime le colonel Andre W\u00fcstner qui pr\u00e9side la F\u00e9d\u00e9ration de la Bundeswehr, une organisation qui repr\u00e9sente les int\u00e9r\u00eats des soldats et des soldates.<\/p>\n<p>\u00ab\u00a0Les gens qui croyaient, depuis 1990 avec la chute du pacte de Varsovie, que la paix \u00e9tait un \u00e9tat permanent, ont d\u00e9sormais malheureusement conscience de la nouvelle r\u00e9alit\u00e9. Malheureusement, il ne s&rsquo;agit pas d&rsquo;imposer un militarisme ou de dire que nous voulons faire la guerre. Non, il s&rsquo;agit de d\u00e9fendre notre mode de vie en paix et en libert\u00e9\u00a0\u00bb, d\u00e9clare-t-il.<\/p>\n<p>Si les esprits ont \u00e9volu\u00e9, c&rsquo;est aussi parce que la politique allemande a r\u00e9alis\u00e9 un virage \u00e0 180 degr\u00e9s en f\u00e9vrier 2023 apr\u00e8s l&rsquo;invasion de l&rsquo;Ukraine par l&rsquo;arm\u00e9e russe. Avec son fameux \u00ab\u00a0Zeitenwende\u00a0\u00bb (\u00ab\u00a0changement d&rsquo;\u00e9poque\u00a0\u00bb), l&rsquo;ex-chancelier <strong><a href=\"https:\/\/www.rfi.fr\/fr\/tag\/olaf-scholz\/\" target=\"_self\" rel=\"nofollow noopener\">Olaf Scholz<\/a><\/strong> a promis de remettre \u00e0 niveau la Bundeswehr, longtemps n\u00e9glig\u00e9e. Un fonds sp\u00e9cial de 100 milliards\u00a0d&rsquo;euros a \u00e9t\u00e9 d\u00e9bloqu\u00e9 et son successeur, le chancelier <strong><a href=\"https:\/\/www.rfi.fr\/fr\/tag\/friedrich-merz\/\" target=\"_self\" rel=\"nofollow noopener\">Friedrich Merz<\/a><\/strong>, a, lui aussi, desserr\u00e9 les cordons de la bourse. La situation dans les casernes s&rsquo;est am\u00e9lior\u00e9e, mais les d\u00e9fis restent \u00e9normes, comme le constate le colonel W\u00fcstner\u00a0:<\/p>\n<p>\u00ab\u00a0Le d\u00e9fi, c&rsquo;est que nous devons cro\u00eetre \u00e9norm\u00e9ment pour r\u00e9pondre aux engagements de l&rsquo;Otan. L&rsquo;Allemagne devra compter entre 250\u00a0000 \u00e0 260\u00a0000 soldats actifs. En soi, ce n&rsquo;est pas si difficile si l&rsquo;on dispose de 20 ans. Or, nous n&rsquo;avons pas ce temps. Nous devons grandir de cette mani\u00e8re. En quatre ou cinq ans, cela va \u00eatre un \u00e9norme d\u00e9fi.\u00a0\u00bb<\/p>\n<p>On parle donc de plus en plus d&rsquo;un retour du service militaire volontaire sur le mod\u00e8le su\u00e9dois. Concr\u00e8tement, les jeunes hommes de 18 ans pourraient bient\u00f4t recevoir un document \u00e0 remplir et les profils jug\u00e9s les plus adapt\u00e9s seraient invit\u00e9s \u00e0 un service militaire de six mois.\u00a0<\/p>\n<p class=\"a-read-more\">\u00c0 lire aussi<a href=\"https:\/\/www.rfi.fr\/fr\/europe\/20250605-l-allemagne-dit-avoir-besoin-de-50-000-%C3%A0-60-000-soldats-suppl%C3%A9mentaires-pour-renforcer-son-arm%C3%A9e\" target=\"_self\" class=\"a-read-more__link\" rel=\"nofollow noopener\">L&rsquo;Allemagne dit avoir besoin de \u00ab50 000 \u00e0 60 000\u00bb soldats suppl\u00e9mentaires pour renforcer son arm\u00e9e<\/a><\/p>\n","protected":false},"excerpt":{"rendered":"Les Allemands red\u00e9couvrent leur Bundeswehr, leur arm\u00e9e nationale. Depuis la guerre en Ukraine, on parle en Allemagne de&hellip;\n","protected":false},"author":2,"featured_media":199440,"comment_status":"","ping_status":"","sticky":false,"template":"","format":"standard","meta":{"footnotes":""},"categories":[1587],"tags":[11,672,1804,1805,554,1803,1777,674,4710,1801,12,136,2436,1802],"class_list":{"0":"post-199439","1":"post","2":"type-post","3":"status-publish","4":"format-standard","5":"has-post-thumbnail","7":"category-allemagne","8":"tag-actualites","9":"tag-allemagne","10":"tag-bundesrepublik-deutschland","11":"tag-de","12":"tag-defense","13":"tag-deutschland","14":"tag-eu","15":"tag-europe","16":"tag-friedrich-merz","17":"tag-germany","18":"tag-news","19":"tag-otan","20":"tag-reportage-international","21":"tag-republique-federale-dallemagne"},"share_on_mastodon":{"url":"https:\/\/pubeurope.com\/@fr\/114735474537966991","error":""},"_links":{"self":[{"href":"https:\/\/www.europesays.com\/fr\/wp-json\/wp\/v2\/posts\/199439","targetHints":{"allow":["GET"]}}],"collection":[{"href":"https:\/\/www.europesays.com\/fr\/wp-json\/wp\/v2\/posts"}],"about":[{"href":"https:\/\/www.europesays.com\/fr\/wp-json\/wp\/v2\/types\/post"}],"author":[{"embeddable":true,"href":"https:\/\/www.europesays.com\/fr\/wp-json\/wp\/v2\/users\/2"}],"replies":[{"embeddable":true,"href":"https:\/\/www.europesays.com\/fr\/wp-json\/wp\/v2\/comments?post=199439"}],"version-history":[{"count":0,"href":"https:\/\/www.europesays.com\/fr\/wp-json\/wp\/v2\/posts\/199439\/revisions"}],"wp:featuredmedia":[{"embeddable":true,"href":"https:\/\/www.europesays.com\/fr\/wp-json\/wp\/v2\/media\/199440"}],"wp:attachment":[{"href":"https:\/\/www.europesays.com\/fr\/wp-json\/wp\/v2\/media?parent=199439"}],"wp:term":[{"taxonomy":"category","embeddable":true,"href":"https:\/\/www.europesays.com\/fr\/wp-json\/wp\/v2\/categories?post=199439"},{"taxonomy":"post_tag","embeddable":true,"href":"https:\/\/www.europesays.com\/fr\/wp-json\/wp\/v2\/tags?post=199439"}],"curies":[{"name":"wp","href":"https:\/\/api.w.org\/{rel}","templated":true}]}}