{"id":199464,"date":"2025-06-24T00:34:22","date_gmt":"2025-06-24T00:34:22","guid":{"rendered":"https:\/\/www.europesays.com\/fr\/199464\/"},"modified":"2025-06-24T00:34:22","modified_gmt":"2025-06-24T00:34:22","slug":"le-musee-marmottan-monet-va-bientot-nous-plonger-dans-les-mysteres-du-sommeil","status":"publish","type":"post","link":"https:\/\/www.europesays.com\/fr\/199464\/","title":{"rendered":"le mus\u00e9e Marmottan Monet va bient\u00f4t nous plonger dans les myst\u00e8res du sommeil"},"content":{"rendered":"<p>\u00c0 l&rsquo;automne, l&rsquo;exposition \u00ab L\u2019Empire du sommeil \u00bb, au mus\u00e9e Marmottan Monet \u00e0 Paris, explorera les myst\u00e8res du sommeil et proposera un voyage artistique dans l&rsquo;inconscient, du r\u00eave \u00e0 l&rsquo;insomnie.<\/p>\n<p class=\"field_LQ2154C\">Nous passons le tiers de notre vie dans cet \u00e9tat second que nous appelons \u00ab sommeil \u00bb, o\u00f9 l\u2019on oscille entre r\u00eave et inconscient. Du 9 octobre 2025 au 1er mars 2026, le <a href=\"https:\/\/www.connaissancedesarts.com\/musees\/musee-marmottan-monet\/exposition-a-paris-dialogue-de-peintres-et-de-fleurs-au-musee-marmottan-monet-11201852\/\" rel=\"nofollow noopener\" target=\"_blank\">mus\u00e9e Marmottan Monet<\/a>, \u00e0 Paris, explore ce motif central dans l\u2019exposition \u00ab L\u2019Empire du sommeil \u00bb, plac\u00e9e sous le commissariat de Laura Bossi, neurologue et historienne des sciences, et Sylvie Carlier, directrice des collections du mus\u00e9e. L\u2019innocence, le r\u00eave, l\u2019\u00e9rotisme, l\u2019ivresse\u2026 \u00e0 travers plus de 100 \u0153uvres, <a href=\"https:\/\/www.marmottan.fr\/expositions\/lempire-du-sommeil\/\" rel=\"nofollow noopener\" target=\"_blank\"><a href=\"https:\/\/www.marmottan.fr\/expositions\/lempire-du-sommeil\/\" target=\"_blank\" rel=\"noopener nofollow\">l\u2019exposition<\/a> interroge les diff\u00e9rentes symboliques du sommeil.<\/p>\n<p>Le sommeil\u00a0: cette \u00e9nigme<\/p>\n<p class=\"field_LQ2154C\">L\u2019exposition se focalisera particuli\u00e8rement sur les XIXe et XXe si\u00e8cles, une p\u00e9riode \u00e0 laquelle les d\u00e9couvertes scientifiques, philosophiques ou encore psychanalytiques viennent modifier profond\u00e9ment les connaissances sur le sommeil. Les repr\u00e9sentations propres \u00e0 cette p\u00e9riode dialogueront avec les questionnements et images qui traversent l\u2019histoire des arts et des hommes, de l\u2019Antiquit\u00e9 \u00e0 l\u2019\u00e9poque contemporaine. Toutes t\u00e9moignent de la permanence de l\u2019aspect myst\u00e9rieux et ambivalent du sommeil qui touche tour \u00e0 tour \u00e0 l\u2019amour, \u00e0 l\u2019<a href=\"https:\/\/www.connaissancedesarts.com\/artistes\/felicien-rops\/exposition-en-belgique-sexe-diable-et-volupte-dans-lart-de-felicien-rops-maitre-de-lerotisme-11198607\/\" rel=\"nofollow noopener\" target=\"_blank\">\u00e9rotisme<\/a> ou \u00e0 la mort.<\/p>\n<p><img fetchpriority=\"high\" decoding=\"async\" aria-describedby=\"caption-attachment-202897\" src=\"data:image\/svg+xml,%3Csvg%20xmlns=\" http:=\"\" alt=\"John Faed (1819-1902)Le r\u00eave du po\u00e8te 1881 - 1882, Huile sur toile, 104,7 x 142,9 cm, Edimbourg, Royal, Scottish Academy of Art &amp; Architecture Collections (RSA) \u00a9 The Royal Scottish Academy of Art &amp; Architecture Collections \" width=\"653\" class=\"wp-image-202897 size-medium\" height=\"613\" data-lazy-src=\"https:\/\/www.europesays.com\/fr\/wp-content\/uploads\/2025\/06\/cda2025_empire_sommeil_reve-tt-width-653-height-471-fill-0-crop-0-bgcolor-eeeeee.jpg\"\/><\/p>\n<p id=\"caption-attachment-202897\" class=\"wp-caption-text\">John Faed, Le r\u00eave du po\u00e8te 1881 \u2013 1882, huile sur toile, 104,7 x 142,9 cm, Edimbourg, Royal, Scottish Academy of Art &amp; Architecture Collections (RSA). Photo : \u00a9 The Royal Scottish Academy of Art &amp; Architecture Collections<\/p>\n<p>Un repos bien m\u00e9rit\u00e9<\/p>\n<p class=\"field_LQ2154C\">Qui n\u2019a pas d\u00e9j\u00e0 r\u00eav\u00e9 d\u2019une sieste bien m\u00e9rit\u00e9e au soleil ? Le sommeil peut donc \u00eatre synonyme de pl\u00e9nitude et de tendresse. Une oeuvre pr\u00e9sent\u00e9e au sein de l\u2019exposition \u00ab L\u2019Empire du sommeil \u00bb traduit pr\u00e9cis\u00e9ment cet aspect. Il s\u2019agit d\u2019un tableau Micha\u00ebl Ancher (1849 1927), peintre danois associ\u00e9 aux peintres de Skagen, intitul\u00e9 Repos de midi\u00a0 et qui repr\u00e9sente une jeune femme endormie paisiblement sur un banc. Le parcours illustrera, de <a href=\"https:\/\/www.connaissancedesarts.com\/arts-expositions\/exposition-immersive\/paris-une-fascinante-installation-fille-de-monet-et-rothko-metamorphose-la-bourse-de-commerce-11202489\/\" rel=\"nofollow noopener\" target=\"_blank\">Monet<\/a> \u00e0 Vuillard, cette all\u00e9gorie du repos id\u00e9alis\u00e9 dans l\u2019art qui procure r\u00e9confort et consolation.<\/p>\n<p><img loading=\"lazy\" width=\"653\" height=\"502\" decoding=\"async\" aria-describedby=\"caption-attachment-202893\" src=\"data:image\/svg+xml,%3Csvg%20xmlns=\" http:=\"\" alt=\"Michael Ancher (1849 1927) , Repos de midi,1890, Huile sur toile, 62 x 79 x 2,2 cm, Skagen, Art Museums of Skagen \u00a9 Art Museums of Skagen \" class=\"size-medium wp-image-202893\" data-lazy-src=\"https:\/\/www.europesays.com\/fr\/wp-content\/uploads\/2025\/06\/cda2025_empire_sommeil_sieste-tt-width-653-height-502-fill-0-crop-0-bgcolor-eeeeee.jpg\"\/><\/p>\n<p id=\"caption-attachment-202893\" class=\"wp-caption-text\">Michael Ancher, Repos de midi, 1890, huile sur toile, 62 x 79 x 2,2 cm, Skagen, Art Museums of Skagen. Photo : \u00a9 Art Museums of Skagen<\/p>\n<p>Les r\u00e9cits fondateurs<\/p>\n<p class=\"field_LQ2154C\">Les r\u00e9cits bibliques et mythologiques sont \u00e9galement fondateurs dans la construction de l\u2019imaginaire du sommeil.\u00a0 De la mythologie grecque qui fait de Thanatos, dieu de la mort, le fr\u00e8re jumeau d\u2019Hypnos, dieu du sommeil,\u00a0 \u00e0 l\u2019iconographie chr\u00e9tienne dans laquelle le sommeil se r\u00e9v\u00e8le \u00eatre une interface entre le divin et l\u2019humain, les religions et leurs textes font g\u00e9n\u00e9ralement du sommeil une pr\u00e9figuration de l\u2019Au-del\u00e0. Pour explorer cette th\u00e9matique, l\u2019exposition mobilisera des \u0153uvres de <a href=\"https:\/\/www.connaissancedesarts.com\/artistes\/auguste-rodin\/disparu-il-y-a-plus-de-120-ans-un-chef-doeuvre-de-rodin-redecouvert-par-hasard-dans-une-maison-pres-de-vierzon-11201810\/\" rel=\"nofollow noopener\" target=\"_blank\">Rodin<\/a> \u00e0 Hodler.<\/p>\n<p><img loading=\"lazy\" width=\"653\" height=\"444\" decoding=\"async\" aria-describedby=\"caption-attachment-202894\" src=\"data:image\/svg+xml,%3Csvg%20xmlns=\" http:=\"\" alt=\"Evelyn De Morgan\u202f(1855\u20131919), Nuit et Sommeil, 1878, Huile sur toile, 108,8 x 157,8 cm, Barnsley, De Morgan Foundation \u00a9 Trustees of the De Morgan Foundation\" class=\"size-medium wp-image-202894\" data-lazy-src=\"https:\/\/www.europesays.com\/fr\/wp-content\/uploads\/2025\/06\/cda2025_empire_sommeil_mythologie-tt-width-653-height-444-fill-0-crop-0-bgcolor-eeeeee.jpg\"\/><\/p>\n<p id=\"caption-attachment-202894\" class=\"wp-caption-text\">Evelyn De Morgan, Nuit et Sommeil, 1878, huile sur toile, 108,8 x 157,8 cm, Barnsley, De Morgan Foundation. Photo : \u00a9 Trustees of the De Morgan Foundation<\/p>\n<p>\u00ab\u00a0L\u2019insomnie moderne\u00a0\u00bb<\/p>\n<p class=\"field_LQ2154C\">Si le sommeil a longtemps \u00e9t\u00e9 synonyme de qui\u00e9tude et de repos \u00e9ternel, le d\u00e9veloppement de la psychanalyse au XXe si\u00e8cle est rapidement venu perturber cette vision paisible. Le r\u00eave sera donc un autre th\u00e8me central de l\u2019exposition. \u00c9tat de semi-conscience, il offre un territoire d\u2019exploration artistique aussi bien aux Symbolistes, comme Odilon Redon ou Klimt, qu\u2019aux Surr\u00e9alistes, Max Ernst et Ren\u00e9 Magritte en t\u00eate.<\/p>\n<p><img loading=\"lazy\" width=\"653\" height=\"1107\" decoding=\"async\" aria-describedby=\"caption-attachment-202895\" src=\"data:image\/svg+xml,%3Csvg%20xmlns=\" http:=\"\" alt=\"Maximilien Pirner (1854-1924), La Somnambule, 1878, Huile sur toile,157 \u00d7 87 cm, Prague, National Gallery \u00a9 National Gallery Prague 2025 \" class=\"size-medium wp-image-202895\" data-lazy-src=\"https:\/\/www.europesays.com\/fr\/wp-content\/uploads\/2025\/06\/cda2025_empire_sommeil_angoisse-tt-width-653-height-1107-fill-0-crop-0-bgcolor-eeeeee.jpg\"\/><\/p>\n<p id=\"caption-attachment-202895\" class=\"wp-caption-text\">Maximilien Pirner, La Somnambule, 1878, huile sur toile,157 \u00d7 87 cm, Prague, National Gallery. Photo : \u00a9 National Gallery Prague 2025<\/p>\n<p class=\"field_LQ2154C\">Le cauchemar, quant \u00e0 lui, vient envahir les \u0153uvres de Goya, Blake ou F\u00fcssli, faisant du sommeil un lieu d\u2019angoisse et d\u2019inqui\u00e9tude. Les \u00ab sommeils artificiels \u00bb, provoqu\u00e9s par l\u2019alcool, l\u2019hypnose ou les drogues, seront \u00e9galement \u00e9voqu\u00e9s.<\/p>\n<p>Entre l\u2019intime et le social<\/p>\n<p class=\"field_LQ2154C\">Enfin, suivant les mots de Marcel Proust dans Le c\u00f4t\u00e9 de Guermantes\u00a0: \u00ab On ne peut bien d\u00e9crire la vie des hommes, si on ne la fait baigner dans le sommeil o\u00f9 elle plonge, et qui la nuit la contourne comme une presqu\u2019\u00eele cern\u00e9e par la mer \u00bb, l\u2019exposition s\u2019int\u00e9ressera aux lieux et accessoires du sommeil. La chambre \u00e0 coucher, lieu du croisement de l\u2019<a href=\"https:\/\/www.connaissancedesarts.com\/arts-expositions\/art-contemporain\/exposition-a-paris-les-oeuvres-intimes-et-poetiques-dedi-dubien-envahissent-le-musee-de-la-chasse-et-de-la-nature-11198778\/\" rel=\"nofollow noopener\" target=\"_blank\">intime<\/a> et du social, et tout particuli\u00e8rement le lit, feront l\u2019objet d\u2019une section du parcours.<\/p>\n<p><img loading=\"lazy\" width=\"653\" height=\"656\" decoding=\"async\" aria-describedby=\"caption-attachment-202904\" src=\"data:image\/svg+xml,%3Csvg%20xmlns=\" http:=\"\" alt=\"F\u00e9lix Vallotton, Femme nue assise dans un fauteuil, 1897, huile sur carton maroufl\u00e9 sur contreplaqu\u00e9, 28 x 27,5 cm, Grenoble, Mus\u00e9e de Grenoble. Photo : \u00a9 Ville de Grenoble \/ Mus\u00e9e de Grenoble - J.L Lacroix\" class=\"size-medium wp-image-202904\" data-lazy-src=\"https:\/\/www.europesays.com\/fr\/wp-content\/uploads\/2025\/06\/cda25_actu_web_sommeil_marmottan_vallotton-tt-width-653-height-656-fill-0-crop-0-bgcolor-eeeeee.jpg\"\/><\/p>\n<p id=\"caption-attachment-202904\" class=\"wp-caption-text\">F\u00e9lix Vallotton, Femme nue assise dans un fauteuil, 1897, huile sur carton maroufl\u00e9 sur contreplaqu\u00e9, 28 x 27,5 cm, Grenoble, Mus\u00e9e de Grenoble. Photo : \u00a9 Ville de Grenoble \/ Mus\u00e9e de Grenoble \u2013 J.L Lacroix<\/p>\n<p>\u00ab\u00a0L\u2019Empire du sommeil\u00a0\u00bb<br \/>Mus\u00e9e Marmottan Monet, 2 rue Louis Boilly, 75016, Paris<br \/>du 9 octobre 2025\u00a0 au 1er mars 2026<\/p>\n<p>Olympiade Culturelle : \u00ab La culture \u00e0 l\u2019heure des jeux \u00bb au Mus\u00e9e Marmottan Monet<\/p>\n","protected":false},"excerpt":{"rendered":"\u00c0 l&rsquo;automne, l&rsquo;exposition \u00ab L\u2019Empire du sommeil \u00bb, au mus\u00e9e Marmottan Monet \u00e0 Paris, explorera les myst\u00e8res du&hellip;\n","protected":false},"author":2,"featured_media":199465,"comment_status":"","ping_status":"","sticky":false,"template":"","format":"standard","meta":{"footnotes":""},"categories":[1358],"tags":[1348,1384,1385,1386,58,59,1011,27],"class_list":{"0":"post-199464","1":"post","2":"type-post","3":"status-publish","4":"format-standard","5":"has-post-thumbnail","7":"category-arts-et-design","8":"tag-arts","9":"tag-arts-and-design","10":"tag-arts-et-design","11":"tag-design","12":"tag-divertissement","13":"tag-entertainment","14":"tag-fr","15":"tag-france"},"share_on_mastodon":{"url":"https:\/\/pubeurope.com\/@fr\/114735537715591984","error":""},"_links":{"self":[{"href":"https:\/\/www.europesays.com\/fr\/wp-json\/wp\/v2\/posts\/199464","targetHints":{"allow":["GET"]}}],"collection":[{"href":"https:\/\/www.europesays.com\/fr\/wp-json\/wp\/v2\/posts"}],"about":[{"href":"https:\/\/www.europesays.com\/fr\/wp-json\/wp\/v2\/types\/post"}],"author":[{"embeddable":true,"href":"https:\/\/www.europesays.com\/fr\/wp-json\/wp\/v2\/users\/2"}],"replies":[{"embeddable":true,"href":"https:\/\/www.europesays.com\/fr\/wp-json\/wp\/v2\/comments?post=199464"}],"version-history":[{"count":0,"href":"https:\/\/www.europesays.com\/fr\/wp-json\/wp\/v2\/posts\/199464\/revisions"}],"wp:featuredmedia":[{"embeddable":true,"href":"https:\/\/www.europesays.com\/fr\/wp-json\/wp\/v2\/media\/199465"}],"wp:attachment":[{"href":"https:\/\/www.europesays.com\/fr\/wp-json\/wp\/v2\/media?parent=199464"}],"wp:term":[{"taxonomy":"category","embeddable":true,"href":"https:\/\/www.europesays.com\/fr\/wp-json\/wp\/v2\/categories?post=199464"},{"taxonomy":"post_tag","embeddable":true,"href":"https:\/\/www.europesays.com\/fr\/wp-json\/wp\/v2\/tags?post=199464"}],"curies":[{"name":"wp","href":"https:\/\/api.w.org\/{rel}","templated":true}]}}