{"id":199497,"date":"2025-06-24T00:54:14","date_gmt":"2025-06-24T00:54:14","guid":{"rendered":"https:\/\/www.europesays.com\/fr\/199497\/"},"modified":"2025-06-24T00:54:14","modified_gmt":"2025-06-24T00:54:14","slug":"uelese-poursuit-son-aventure-a-montpellier-deux-saisons-de-plus","status":"publish","type":"post","link":"https:\/\/www.europesays.com\/fr\/199497\/","title":{"rendered":"Uelese poursuit son aventure \u00e0 Montpellier deux saisons de plus"},"content":{"rendered":"<p>Jordan Uelese prolonge jusqu\u2019en 2028 avec le Montpellier H\u00e9rault Rugby. Arriv\u00e9 il y a un an, l\u2019Australien a s\u00e9duit dirigeants et supporters. Il a marqu\u00e9 7 essais en 20 matches cette saison.<\/p>\n<p class=\"fig-paragraph\">Le talonneur international australien Jordan Uelese, qui \u00e9tait li\u00e9 jusqu&rsquo;en juin 2026\u00a0<a href=\"http:\/\/www.lefigaro.fr\/sports\/rugby\/top-14\/top-14-moins-d-un-an-apres-son-arrivee-joshua-moorby-quitte-montpellier-20250611\" data-fig-type=\"NewsFlash\" data-gtm-custom-categorie=\"navigation\" data-gtm-custom-action=\"crossclick\" data-gtm-custom-label=\"Contextuel\" data-gtm-event=\"customEventSPE\" data-fig-domain=\"LEFIGARO\" target=\"_blank\" rel=\"noopener\">avec Montpellier<\/a>, a prolong\u00e9 son contrat jusqu&rsquo;en 2028, a annonc\u00e9 lundi le club h\u00e9raultais. Uelese (28 ans) a totalement convaincu les dirigeants pour sa premi\u00e8re saison au MHR, o\u00f9 il est arriv\u00e9 au cours de l&rsquo;\u00e9t\u00e9 en provenance de la\u00a0<a href=\"http:\/\/www.lefigaro.fr\/sports\/rugby\/rugby-les-melbourne-rebels-reclament-plus-de-18-m-a-la-federation-australienne-apres-leur-exclusion-du-super-rugby-20241009\" data-fig-type=\"NewsFlash\" data-gtm-custom-categorie=\"navigation\" data-gtm-custom-action=\"crossclick\" data-gtm-custom-label=\"Contextuel\" data-gtm-event=\"customEventSPE\" data-fig-domain=\"LEFIGARO\" target=\"_blank\" rel=\"noopener\">franchise des Melbourne Rebels<\/a>\u00a0(2017-24) pour remplacer son compatriote Brandon Paenga-Amosa.<\/p>\n<p>Sept essais pour sa premi\u00e8re saison<\/p>\n<p class=\"fig-paragraph\">Ce solide athl\u00e8te (1,87 m, 116 kg) a inscrit sept essais toutes comp\u00e9titions confondues en 20 rencontres, dont 18 comme titulaire, et a devanc\u00e9 dans la hi\u00e9rarchie Christopher Tolofua. Uelese (17 s\u00e9lections) avait \u00e9t\u00e9 retenu par le s\u00e9lectionneur Eddie Jones pour participer \u00e0 la derni\u00e8re Coupe du monde en France avec les Wallabies sans disputer la moindre minute. Montpellier a boucl\u00e9 la saison \u00e0 la neuvi\u00e8me place du Top 14.<\/p>\n","protected":false},"excerpt":{"rendered":"Jordan Uelese prolonge jusqu\u2019en 2028 avec le Montpellier H\u00e9rault Rugby. Arriv\u00e9 il y a un an, l\u2019Australien a&hellip;\n","protected":false},"author":2,"featured_media":199498,"comment_status":"","ping_status":"","sticky":false,"template":"","format":"standard","meta":{"footnotes":""},"categories":[9599],"tags":[1111,11,525,4590,1981,2313,814,1777,674,1011,27,955,2208,20044,12,2680,4589,2311,25,1980,479,2259,478,2310,2312],"class_list":{"0":"post-199497","1":"post","2":"type-post","3":"status-publish","4":"format-standard","5":"has-post-thumbnail","7":"category-montpellier","8":"tag-actu","9":"tag-actualites","10":"tag-calendrier","11":"tag-championnat-france","12":"tag-classement","13":"tag-clermont","14":"tag-direct","15":"tag-eu","16":"tag-europe","17":"tag-fr","18":"tag-france","19":"tag-match","20":"tag-montpellier","21":"tag-montpellier-herault-rugby","22":"tag-news","23":"tag-occitanie","24":"tag-phase-finale","25":"tag-racing","26":"tag-republique-francaise","27":"tag-resultats","28":"tag-rugby","29":"tag-score","30":"tag-top-14","31":"tag-toulon","32":"tag-toulouse"},"share_on_mastodon":{"url":"https:\/\/pubeurope.com\/@fr\/114735616007051104","error":""},"_links":{"self":[{"href":"https:\/\/www.europesays.com\/fr\/wp-json\/wp\/v2\/posts\/199497","targetHints":{"allow":["GET"]}}],"collection":[{"href":"https:\/\/www.europesays.com\/fr\/wp-json\/wp\/v2\/posts"}],"about":[{"href":"https:\/\/www.europesays.com\/fr\/wp-json\/wp\/v2\/types\/post"}],"author":[{"embeddable":true,"href":"https:\/\/www.europesays.com\/fr\/wp-json\/wp\/v2\/users\/2"}],"replies":[{"embeddable":true,"href":"https:\/\/www.europesays.com\/fr\/wp-json\/wp\/v2\/comments?post=199497"}],"version-history":[{"count":0,"href":"https:\/\/www.europesays.com\/fr\/wp-json\/wp\/v2\/posts\/199497\/revisions"}],"wp:featuredmedia":[{"embeddable":true,"href":"https:\/\/www.europesays.com\/fr\/wp-json\/wp\/v2\/media\/199498"}],"wp:attachment":[{"href":"https:\/\/www.europesays.com\/fr\/wp-json\/wp\/v2\/media?parent=199497"}],"wp:term":[{"taxonomy":"category","embeddable":true,"href":"https:\/\/www.europesays.com\/fr\/wp-json\/wp\/v2\/categories?post=199497"},{"taxonomy":"post_tag","embeddable":true,"href":"https:\/\/www.europesays.com\/fr\/wp-json\/wp\/v2\/tags?post=199497"}],"curies":[{"name":"wp","href":"https:\/\/api.w.org\/{rel}","templated":true}]}}