{"id":199505,"date":"2025-06-24T01:01:34","date_gmt":"2025-06-24T01:01:34","guid":{"rendered":"https:\/\/www.europesays.com\/fr\/199505\/"},"modified":"2025-06-24T01:01:34","modified_gmt":"2025-06-24T01:01:34","slug":"beaucoup-ont-ete-abattus-voici-pourquoi","status":"publish","type":"post","link":"https:\/\/www.europesays.com\/fr\/199505\/","title":{"rendered":"\u00ab\u00a0beaucoup ont \u00e9t\u00e9 abattus\u00a0\u00bb, voici pourquoi"},"content":{"rendered":"<p>            Par<br \/>\n        <strong><br \/>\n            <a href=\"https:\/\/actu.fr\/auteur\/clemence-pays02-actu-fr\" title=\"Consulter tous les articles de Cl\u00e9mence Pays\" target=\"_blank\" rel=\"noopener\">Cl\u00e9mence Pays<\/a><br \/>\n        <\/strong><\/p>\n<p>        Publi\u00e9 le<\/p>\n<p>            23 juin 2025 \u00e0 15h37        <\/p>\n<p>Depuis samedi 21 juin 2025, la vigilance est de rigueur \u00e0 <a href=\"https:\/\/actu.fr\/bretagne\/noyal-chatillon-sur-seiche_35206\" target=\"_blank\" rel=\"noopener\">Noyal-Ch\u00e2tillon-sur-Seiche<\/a> (Ille-et-Vilaine). En effet, <strong>43 taurillons se sont \u00e9chapp\u00e9s<\/strong> d\u2019une ferme install\u00e9e dans cette commune au sud de Rennes.<\/p>\n<p class=\" wall-content\">Dimanche, les sapeurs-pompiers sont intervenus dans le quartier rennais de Br\u00e9quigny, o\u00f9 l\u2019un de ces jeunes taureaux avait \u00e9t\u00e9 rep\u00e9r\u00e9. <a href=\"https:\/\/actu.fr\/bretagne\/rennes_35238\/un-jeune-taureau-abattu-dans-les-rues-de-rennes-que-s-est-il-passe_62808924.html\" target=\"_blank\" rel=\"noopener\">Celui-ci a \u00e9t\u00e9 abattu par un lieutenant de louveterie<\/a> apr\u00e8s avoir bless\u00e9 un sapeur-pompier.<\/p>\n<p class=\" wall-content\">Sur <strong>la rocade, des messages alertant de la pr\u00e9sence d\u2019animal<\/strong> en divagation ont \u00e9t\u00e9 diffus\u00e9s sur les panneaux \u00e0 messages variables.\u00a0<\/p>\n<p>Plusieurs b\u00eates abattues<\/p>\n<p class=\" wall-content\">Durant la fin du week-end,<strong> \u00ab\u00a0trois taurillons sont rentr\u00e9s d\u2019eux-m\u00eames<\/strong> \u00e0 la ferme\u00a0\u00bb o\u00f9 ils sont \u00e9lev\u00e9s, annonce S\u00e9bastien Gu\u00e9ret, maire de Noyal-Ch\u00e2tillon-sur-Seiche. D\u2019autres ont \u00e9t\u00e9 <strong>r\u00e9cup\u00e9r\u00e9s par leur propri\u00e9taire<\/strong> et les forces mobilis\u00e9es sur place.\u00a0<\/p>\n<p class=\" wall-content\">En revanche, tous n\u2019ont pas pu \u00eatre sauv\u00e9s. <strong>\u00ab\u00a0Beaucoup ont \u00e9t\u00e9 abattus\u00a0\u00bb,<\/strong> confie le maire. La raison ?\u00a0<\/p>\n<blockquote class=\"ac-article-quote wall-content\">\n<p>On n&rsquo;a pas eu le choix, pour la s\u00e9curit\u00e9 des personnes. Quand un taureaux fonce sur une voiture qui entre sur la rocade et que les s\u00e9datifs ne fonctionnent pas&#8230;<\/p>\n<p>    <strong>S\u00e9bastien Gu\u00e9ret<\/strong><br \/>\n        Maire de Noyal-Ch\u00e2tillon-sur-Seiche    <\/p><\/blockquote>\n<p>\u00c9vitez le secteur<\/p>\n<p class=\" wall-content\">\u00c0 l\u2019heure o\u00f9 nous \u00e9crivons ces lignes, <strong>aucun bless\u00e9 parmi les habitants<\/strong> de la commune, n\u2019est \u00e0 d\u00e9plorer. Seules quelques cl\u00f4tures ont \u00e9t\u00e9 endommag\u00e9es.\u00a0<\/p>\n<p class=\" wall-content\">Toutefois, le <strong>secteur nord-ouest de Noyal-Ch\u00e2tillon-sur-Seiche<\/strong> est \u00e0 \u00e9viter puisqu\u2019<strong>\u00ab\u00a0il reste quatre taureaux en libert\u00e9\u00a0\u00bb,<\/strong> annonce S\u00e9bastien Gu\u00e9ret.\u00a0<\/p>\n<blockquote class=\"ac-article-quote wall-content\">\n<p>Il faut \u00e9viter les balades sur les chemins en bordures de la zone sud de Rennes.<\/p>\n<p>    <strong>S\u00e9bastien Gu\u00e9ret<\/strong><br \/>\n        Maire de Noyal-Ch\u00e2tillon-sur-Seiche    <\/p><\/blockquote>\n<p class=\" wall-content\">La raison exacte de cet incident n\u2019est pas connue. Il semblerait qu\u2019<strong>avec \u00ab\u00a0les fortes chaleurs, les taureaux ont eu tr\u00e8s peur\u00a0\u00bb,<\/strong> les poussant \u00e0 prendre la fuite.<\/p>\n<p class=\" wall-content\">Suivez toute l\u2019actualit\u00e9 de vos villes et m\u00e9dias favoris en vous inscrivant \u00e0 <a href=\"https:\/\/moncompte.actu.fr\" title=\"D\u00e9couvez Mon Actu\" rel=\"nofollow noopener\" data-trk=\"{&quot;cta&quot;:{&quot;action&quot;:&quot;https:\\\/\\\/moncompte.actu.fr&quot;,&quot;category&quot;:&quot;mon compte&quot;,&quot;from&quot;:&quot;article footer&quot;,&quot;name&quot;:&quot;Mon actu&quot;,&quot;type&quot;:&quot;cta&quot;}}\" target=\"_blank\">Mon Actu<\/a>.<\/p>\n","protected":false},"excerpt":{"rendered":"Par Cl\u00e9mence Pays Publi\u00e9 le 23 juin 2025 \u00e0 15h37 Depuis samedi 21 juin 2025, la vigilance est&hellip;\n","protected":false},"author":2,"featured_media":199506,"comment_status":"","ping_status":"","sticky":false,"template":"","format":"standard","meta":{"footnotes":""},"categories":[2821],"tags":[1111,11,1867,829,1777,674,118,1011,27,12,584,25,4797],"class_list":{"0":"post-199505","1":"post","2":"type-post","3":"status-publish","4":"format-standard","5":"has-post-thumbnail","7":"category-rennes","8":"tag-actu","9":"tag-actualites","10":"tag-animaux","11":"tag-bretagne","12":"tag-eu","13":"tag-europe","14":"tag-faits-divers","15":"tag-fr","16":"tag-france","17":"tag-news","18":"tag-rennes","19":"tag-republique-francaise","20":"tag-rocade"},"share_on_mastodon":{"url":"https:\/\/pubeurope.com\/@fr\/114735643737716841","error":""},"_links":{"self":[{"href":"https:\/\/www.europesays.com\/fr\/wp-json\/wp\/v2\/posts\/199505","targetHints":{"allow":["GET"]}}],"collection":[{"href":"https:\/\/www.europesays.com\/fr\/wp-json\/wp\/v2\/posts"}],"about":[{"href":"https:\/\/www.europesays.com\/fr\/wp-json\/wp\/v2\/types\/post"}],"author":[{"embeddable":true,"href":"https:\/\/www.europesays.com\/fr\/wp-json\/wp\/v2\/users\/2"}],"replies":[{"embeddable":true,"href":"https:\/\/www.europesays.com\/fr\/wp-json\/wp\/v2\/comments?post=199505"}],"version-history":[{"count":0,"href":"https:\/\/www.europesays.com\/fr\/wp-json\/wp\/v2\/posts\/199505\/revisions"}],"wp:featuredmedia":[{"embeddable":true,"href":"https:\/\/www.europesays.com\/fr\/wp-json\/wp\/v2\/media\/199506"}],"wp:attachment":[{"href":"https:\/\/www.europesays.com\/fr\/wp-json\/wp\/v2\/media?parent=199505"}],"wp:term":[{"taxonomy":"category","embeddable":true,"href":"https:\/\/www.europesays.com\/fr\/wp-json\/wp\/v2\/categories?post=199505"},{"taxonomy":"post_tag","embeddable":true,"href":"https:\/\/www.europesays.com\/fr\/wp-json\/wp\/v2\/tags?post=199505"}],"curies":[{"name":"wp","href":"https:\/\/api.w.org\/{rel}","templated":true}]}}