{"id":199507,"date":"2025-06-24T01:02:23","date_gmt":"2025-06-24T01:02:23","guid":{"rendered":"https:\/\/www.europesays.com\/fr\/199507\/"},"modified":"2025-06-24T01:02:23","modified_gmt":"2025-06-24T01:02:23","slug":"une-nouvelle-residence-etudiante-de-57-logements-ouvrira-en-septembre","status":"publish","type":"post","link":"https:\/\/www.europesays.com\/fr\/199507\/","title":{"rendered":"une nouvelle r\u00e9sidence \u00e9tudiante de 57 logements ouvrira en septembre"},"content":{"rendered":"<p>    <img loading=\"lazy\" width=\"1800\" height=\"900\" src=\"https:\/\/www.europesays.com\/fr\/wp-content\/uploads\/2025\/04\/jeanne-callthepolice.jpg\" class=\"attachment-full size-full\" alt=\"\" id=\"imageLove\" decoding=\"async\"  \/><\/p>\n<p id=\"breadcrumbs\"><a href=\"https:\/\/pokaa.fr\/\" target=\"_blank\" rel=\"noopener\">Accueil<\/a> \/ <a href=\"https:\/\/pokaa.fr\/categories\/actu\/\" target=\"_blank\" rel=\"noopener\">Info locale<\/a> \/ Strasbourg : une nouvelle r\u00e9sidence \u00e9tudiante de 57 logements ouvrira en septembre<\/p>\n<p>                    Info locale<\/p>\n<p class=\"p1\"><b>D\u2019ici la rentr\u00e9e 2025, une toute nouvelle r\u00e9sidence \u00e9tudiante ouvrira ses portes \u00e0 Strasbourg, \u00e0 la place de la Chambre r\u00e9gionale des comptes rue du Faubourg-de-Pierre. Une op\u00e9ration d\u2019environ 5 millions d\u2019euros pour 57 logements, fruit d\u2019un partenariat complexe, qui en appelle d\u2019autres dans le centre-ville strasbourgeois.<\/b><\/p>\n<p class=\"p1\">\u00ab\u00a0Strasbourg aime ses \u00e9tudiants ne peut pas \u00eatre qu\u2019une formule.\u00a0\u00bb Par ces mots, <strong>Jeanne Barseghian r\u00e9it\u00e8re le soutien que souhaite apporter la Ville et l\u2019Eurom\u00e9tropole aux \u00e9tudiant(e)s, touch\u00e9(e)s non seulement par la crise du logement<\/strong>, qui s\u2019est amplifi\u00e9e depuis quelques ann\u00e9es, mais aussi par celle de la pr\u00e9carit\u00e9, <a href=\"https:\/\/publication.enseignementsup-recherche.gouv.fr\/eesr\/FR\/EESR14_ES_18\/la_situation_financiere_des_etudiants\/\" target=\"_blank\" rel=\"noopener\">puisque 20% des \u00e9tudiant(e)s d\u00e9clarent avoir de graves difficult\u00e9s financi\u00e8res<\/a>.<\/p>\n<p class=\"p1\">Les \u00e9tudiant(e)s strasbourgeois(es), comme ailleurs, ne sont pas \u00e9pargn\u00e9(e)s et l\u2019offre en r\u00e9sidence \u00e9tudiante reste encore tr\u00e8s limit\u00e9e, malgr\u00e9 les efforts. <b>Il y a aujourd\u2019hui pr\u00e8s de 11 350 places en r\u00e9sidence \u00e9tudiante, ce qui permet de loger moins de 20 % des \u00e9tudiant(e)s strasbourgeois(es)<\/b>. Alors forc\u00e9ment, chaque nouvelle r\u00e9sidence \u00e9tudiante qui ouvre est une bonne nouvelle.<\/p>\n<p>    <img width=\"800\" height=\"600\" src=\"https:\/\/www.europesays.com\/fr\/wp-content\/uploads\/2025\/06\/img-9456-grande-800x600.jpeg\" class=\"attachment-image-size-L size-image-size-L\" alt=\"r\u00e9sidence universitaire strasbourg faubourg de pierre\" decoding=\"async\" loading=\"lazy\"  \/>         \u00a9 Nicolas Kaspar \/ Pokaa <\/p>\n<p>Des bureaux deviennent 57 logements \u00e9tudiants<\/p>\n<p class=\"p1\">\u00c7a tombe bien, aujourd\u2019hui, on se retrouve rue du Faubourg-de-Pierre, devant les anciens bureaux de la Chambre r\u00e9gionale des comptes. <b>Ici, les bureaux ont \u00e9t\u00e9 transform\u00e9s en 57 logements \u00e9tudiants, allant de 13 \u00e0 40 m2 environ<\/b>. Les travaux ont d\u00e9but\u00e9 en d\u00e9cembre 2022, pour une livraison pr\u00e9vue pour la rentr\u00e9e de septembre. Le tout, pour un co\u00fbt de pr\u00e8s de 5 millions d\u2019euros.<\/p>\n<p class=\"p1\"><b>Un projet qui se veut exemplaire en termes d\u2019\u00e9cologie et de sobri\u00e9t\u00e9<\/b>. Avec, p\u00eale-m\u00eale : l\u2019installation de 24 panneaux photovolta\u00efques pour une autoconsommation des occupant(e)s, le r\u00e9emploi ou recyclage sur site de mat\u00e9riaux d\u00e9construits, la pr\u00e9servation des parquets, moulures et boiseries, ou encore la cr\u00e9ation d\u2019une extension ossature bois de deux logements en toiture terrasse et l\u2019int\u00e9gration d\u2019espaces verts.<\/p>\n<p>                <img width=\"667\" height=\"500\" src=\"https:\/\/www.europesays.com\/fr\/wp-content\/uploads\/2025\/06\/img-9452-grande-667x500.jpeg\" class=\"attachment-gallery size-gallery\" alt=\"r\u00e9sidence universitaire strasbourg faubourg de pierre\" data-full-url=\"https:\/\/pokaa.fr\/wp-content\/uploads\/2025\/06\/20\/img-9452-grande.jpeg\" decoding=\"async\" loading=\"lazy\"  \/>            <\/p>\n<p>                <img width=\"667\" height=\"500\" src=\"https:\/\/www.europesays.com\/fr\/wp-content\/uploads\/2025\/06\/nouvelle-residence-universitaire-a-proximite-du-centre-ville-667x500.jpg\" class=\"attachment-gallery size-gallery\" alt=\"r\u00e9sidence universitaire strasbourg faubourg de pierre\" data-full-url=\"https:\/\/pokaa.fr\/wp-content\/uploads\/2025\/06\/20\/nouvelle-residence-universitaire-a-proximite-du-centre-ville.jpg\" decoding=\"async\" loading=\"lazy\"  \/>            <\/p>\n<p>                <img width=\"667\" height=\"500\" src=\"https:\/\/www.europesays.com\/fr\/wp-content\/uploads\/2025\/06\/img-9445-grande-667x500.jpeg\" class=\"attachment-gallery size-gallery\" alt=\"r\u00e9sidence universitaire strasbourg faubourg de pierre\" data-full-url=\"https:\/\/pokaa.fr\/wp-content\/uploads\/2025\/06\/20\/img-9445-grande.jpeg\" decoding=\"async\" loading=\"lazy\"  \/>            <\/p>\n<p>                <img width=\"667\" height=\"500\" src=\"https:\/\/www.europesays.com\/fr\/wp-content\/uploads\/2025\/06\/img-9447-grande-667x500.jpeg\" class=\"attachment-gallery size-gallery\" alt=\"r\u00e9sidence universitaire strasbourg faubourg de pierre\" data-full-url=\"https:\/\/pokaa.fr\/wp-content\/uploads\/2025\/06\/20\/img-9447-grande.jpeg\" decoding=\"async\" loading=\"lazy\"  \/>            <\/p>\n<p>                    1. 3. et 4. \u00a9 Nicolas Kaspar \/ Pokaa ; 2. \u00a9 Domial \/ Document remis<\/p>\n<p>La signature d\u2019une convention qui appelle d\u2019autres op\u00e9rations<\/p>\n<p class=\"p1\"><strong>Ce projet de nouvelle r\u00e9sidence \u00e9tudiante va en amener d\u2019autres, comme le promettent Pia Imbs et Jeanne Barseghian, <\/strong>respectivement pr\u00e9sidente de l\u2019Eurom\u00e9tropole et maire de\u00a0Strasbourg. Pour preuve, le 3 juin dernier, une convention de partenariat pour le d\u00e9veloppement de la ville durable a \u00e9t\u00e9 sign\u00e9e entre Domial, la Fonci\u00e8re de transformation immobili\u00e8re (FTI), Action logement services, la Ville et l\u2019Eurom\u00e9tropole de Strasbourg.<\/p>\n<p class=\"p1\"><strong>Le but ? Multiplier de telles initiatives sur le territoire.<\/strong><\/p>\n<blockquote><p>\n        On esp\u00e8re que cette op\u00e9ration en inspirera beaucoup d\u2019autres.    <\/p><\/blockquote>\n<p>            Jeanne Barseghian<\/p>\n<p>Une autre op\u00e9ration rue Fritz-Kiener est d\u00e9j\u00e0 en cours, <b>avec la transformation des anciens bureaux d\u2019Orange \u00e0 la Krutenau en 64 logements \u00e9tudiants pour 5,1 millions d\u2019euros<\/b>.<\/p>\n<p>En parall\u00e8le, la FTI m\u00e8ne d\u2019autres projets \u00e9tudiants, comme celui de la rue du G\u00e9n\u00e9ral-Picquart, qui transforme les locaux de l\u2019ancienne Direction r\u00e9gionale des finances en 150 logements \u00e9tudiants. Des travaux n\u00e9cessaires pour tenter de r\u00e9soudre la crise du logement et la pr\u00e9carit\u00e9 \u00e9tudiante.<\/p>\n<p>                <img width=\"667\" height=\"500\" src=\"https:\/\/www.europesays.com\/fr\/wp-content\/uploads\/2025\/06\/img-9450-grande-667x500.jpeg\" class=\"attachment-gallery size-gallery\" alt=\"r\u00e9sidence universitaire strasbourg faubourg de pierre\" data-full-url=\"https:\/\/pokaa.fr\/wp-content\/uploads\/2025\/06\/20\/img-9450-grande.jpeg\" decoding=\"async\" loading=\"lazy\"  \/>            <\/p>\n<p>                <img width=\"667\" height=\"500\" src=\"https:\/\/www.europesays.com\/fr\/wp-content\/uploads\/2025\/06\/img-9446-grande-667x500.jpeg\" class=\"attachment-gallery size-gallery\" alt=\"r\u00e9sidence universitaire strasbourg faubourg de pierre\" data-full-url=\"https:\/\/pokaa.fr\/wp-content\/uploads\/2025\/06\/20\/img-9446-grande.jpeg\" decoding=\"async\" loading=\"lazy\"  \/>            <\/p>\n<p>                <img width=\"750\" height=\"500\" src=\"https:\/\/www.europesays.com\/fr\/wp-content\/uploads\/2025\/06\/residence-etudiante-strasbourg-2-960x640-1-750x500.jpg\" class=\"attachment-gallery size-gallery\" alt=\"r\u00e9sidence universitaire strasbourg faubourg de pierre\" data-full-url=\"https:\/\/pokaa.fr\/wp-content\/uploads\/2025\/06\/20\/residence-etudiante-strasbourg-2-960x640-1.jpg\" decoding=\"async\" loading=\"lazy\"  \/>            <\/p>\n<p>                    1. 2. \u00a9 Nicolas Kaspar \/ Pokaa ; 3. \u00a9\u00a0Domial \/ Document remis<\/p>\n","protected":false},"excerpt":{"rendered":"Accueil \/ Info locale \/ Strasbourg : une nouvelle r\u00e9sidence \u00e9tudiante de 57 logements ouvrira en septembre Info&hellip;\n","protected":false},"author":2,"featured_media":199508,"comment_status":"","ping_status":"","sticky":false,"template":"","format":"standard","meta":{"footnotes":""},"categories":[2820],"tags":[1111,11,4081,1777,674,1011,27,775,12,25,33904,640,28728],"class_list":{"0":"post-199507","1":"post","2":"type-post","3":"status-publish","4":"format-standard","5":"has-post-thumbnail","7":"category-strasbourg","8":"tag-actu","9":"tag-actualites","10":"tag-etudiant","11":"tag-eu","12":"tag-europe","13":"tag-fr","14":"tag-france","15":"tag-grand-est","16":"tag-news","17":"tag-republique-francaise","18":"tag-residence-universitaire","19":"tag-strasbourg","20":"tag-vie-etudiante"},"share_on_mastodon":{"url":"https:\/\/pubeurope.com\/@fr\/114735648011125872","error":""},"_links":{"self":[{"href":"https:\/\/www.europesays.com\/fr\/wp-json\/wp\/v2\/posts\/199507","targetHints":{"allow":["GET"]}}],"collection":[{"href":"https:\/\/www.europesays.com\/fr\/wp-json\/wp\/v2\/posts"}],"about":[{"href":"https:\/\/www.europesays.com\/fr\/wp-json\/wp\/v2\/types\/post"}],"author":[{"embeddable":true,"href":"https:\/\/www.europesays.com\/fr\/wp-json\/wp\/v2\/users\/2"}],"replies":[{"embeddable":true,"href":"https:\/\/www.europesays.com\/fr\/wp-json\/wp\/v2\/comments?post=199507"}],"version-history":[{"count":0,"href":"https:\/\/www.europesays.com\/fr\/wp-json\/wp\/v2\/posts\/199507\/revisions"}],"wp:featuredmedia":[{"embeddable":true,"href":"https:\/\/www.europesays.com\/fr\/wp-json\/wp\/v2\/media\/199508"}],"wp:attachment":[{"href":"https:\/\/www.europesays.com\/fr\/wp-json\/wp\/v2\/media?parent=199507"}],"wp:term":[{"taxonomy":"category","embeddable":true,"href":"https:\/\/www.europesays.com\/fr\/wp-json\/wp\/v2\/categories?post=199507"},{"taxonomy":"post_tag","embeddable":true,"href":"https:\/\/www.europesays.com\/fr\/wp-json\/wp\/v2\/tags?post=199507"}],"curies":[{"name":"wp","href":"https:\/\/api.w.org\/{rel}","templated":true}]}}