{"id":199551,"date":"2025-06-24T01:25:05","date_gmt":"2025-06-24T01:25:05","guid":{"rendered":"https:\/\/www.europesays.com\/fr\/199551\/"},"modified":"2025-06-24T01:25:05","modified_gmt":"2025-06-24T01:25:05","slug":"escalade-redoutee-entre-les-etats-unis-et-liran-frappes-sur-kyiv-dernier-jour-du-conclave-des-retraites-lactu-de-ce-lundi-23-juin-au-matin-liberation","status":"publish","type":"post","link":"https:\/\/www.europesays.com\/fr\/199551\/","title":{"rendered":"Escalade redout\u00e9e entre les Etats-Unis et l\u2019Iran, frappes sur Kyiv, dernier jour du conclave des retraites\u2026 L\u2019actu de ce lundi 23\u00a0juin au matin \u2013 Lib\u00e9ration"},"content":{"rendered":"<p class=\"sc-ksZaOG ehjQrN text-element\">Chaque matin, la r\u00e9daction de Lib\u00e9 s\u00e9lectionne les actualit\u00e9s incontournables en France, dans le reste du monde et celles \u00e0 suivre au cours de la journ\u00e9e.<\/p>\n<p class=\"sc-ksZaOG ehjQrN text-element\">Alors que les frappes am\u00e9ricaines <a href=\"https:\/\/www.liberation.fr\/international\/moyen-orient\/les-etats-unis-bombardent-les-installations-nucleaires-en-iran-donald-trump-annonce-une-attaque-tres-reussie-20250622_SN24PDIHBJDUHHSLY6FQNSWMYI\/\" target=\"_blank\" rel=\"noopener\" title=\"https:\/\/www.liberation.fr\/international\/moyen-orient\/les-etats-unis-bombardent-les-installations-nucleaires-en-iran-donald-trump-annonce-une-attaque-tres-reussie-20250622_SN24PDIHBJDUHHSLY6FQNSWMYI\/\">sur les sites nucl\u00e9aires de l\u2019Iran<\/a> font craindre un embrasement hors de contr\u00f4le au Moyen Orient, Emmanuel Macron a appel\u00e9 dimanche \u00e0 \u00e9viter une \u00abescalade incontr\u00f4l\u00e9e\u00bb \u00e0 la sortie d\u2019un nouveau conseil de d\u00e9fense. L\u2019ex\u00e9cutif a aussi annonc\u00e9 la mobilisation d\u2019avions A400M pour rapatri\u00e9s ses ressortissants qui le souhaitent en Isra\u00ebl. Le sujet sera au menu <a href=\"https:\/\/www.liberation.fr\/international\/moyen-orient\/face-aux-frappes-americaines-en-iran-les-europeens-penauds-et-inaudibles-20250622_TFDE6WMCYZGSNLELNXGJAXL7RU\/\" target=\"_blank\" rel=\"noopener\" title=\"https:\/\/www.liberation.fr\/international\/moyen-orient\/face-aux-frappes-americaines-en-iran-les-europeens-penauds-et-inaudibles-20250622_TFDE6WMCYZGSNLELNXGJAXL7RU\/\">du sommet UE-Canada<\/a>, pr\u00e9vu \u00e0 Bruxelles ce lundi ; Abbas Araghchi, ministre des Affaires \u00e9trang\u00e8res iranien, doit quant \u00e0 lui rencontrer Vladimir Poutine &#8211; la Russie a d\u00e9nonc\u00e9 de son c\u00f4t\u00e9 des bombardements \u00abirresponsables\u00bb.<\/p>\n<p class=\"sc-ksZaOG ehjQrN text-element\">Des frappes de drones et de missiles russes sur Kyiv et sa r\u00e9gion ont fait au moins cinq morts et une vingtaine de bless\u00e9s dans la nuit de dimanche \u00e0 lundi, ont annonc\u00e9 les autorit\u00e9s ukrainiennes. Cette \u00abattaque massive\u00bb survient alors que l\u2019Ukraine a promis d\u2019intensifier ses frappes sur la Russie.<\/p>\n<p class=\"sc-ksZaOG ehjQrN text-element\">Un mineur de 17 ans qui projetait, selon Bruno Retailleau, des \u00abattentats contre des lieux de culte notamment des synagogues, des sex-shops et des \u00e9v\u00e9nements festifs\u00bb au nom du groupe Etat islamique, a \u00e9t\u00e9 mis en examen et incarc\u00e9r\u00e9, a indiqu\u00e9 dimanche le Parquet national antiterroriste (Pnat). Il a \u00e9t\u00e9 interpell\u00e9 mardi dans la Sarthe. \u00abIl y a beaucoup de choses \u00e0 \u00e9claircir notamment sur sa psychologie et sa fragilit\u00e9\u00bb, a soulign\u00e9 son avocat, Me Florian Godest Le Gall.<\/p>\n<p class=\"sc-ksZaOG ehjQrN text-element\"><b>Ultime r\u00e9union du conclave sur les retraites<\/b><\/p>\n<p class=\"sc-ksZaOG ehjQrN text-element\">Les partenaires sociaux <a href=\"https:\/\/www.liberation.fr\/economie\/social\/conclave-des-retraites-les-points-cles-de-la-derniere-ligne-droite-20250616_RUNSR4AHONHHJMGCHJFJLRT27Q\/\" target=\"_blank\" rel=\"noopener\" title=\"https:\/\/www.liberation.fr\/economie\/social\/conclave-des-retraites-les-points-cles-de-la-derniere-ligne-droite-20250616_RUNSR4AHONHHJMGCHJFJLRT27Q\/\">de cette longue concertation<\/a> de quatre mois, impuls\u00e9e par Fran\u00e7ois Bayrou, doivent \u00e9crire <a href=\"\" target=\"_blank\" rel=\"\" title=\"\">ce lundi apr\u00e8s-midi le dernier chapitre<\/a>, avec ou sans accord. La derni\u00e8re s\u00e9ance de travail, le 17 juin, s\u2019\u00e9tait achev\u00e9e sur <a href=\"https:\/\/www.liberation.fr\/economie\/social\/le-conclave-retraites-se-reserve-une-reunion-de-la-derniere-chance-le-23-juin-20250618_H6JKKEANENAVRMGA2HDII6FXYU\/\" target=\"_blank\" rel=\"noopener\" title=\"https:\/\/www.liberation.fr\/economie\/social\/le-conclave-retraites-se-reserve-une-reunion-de-la-derniere-chance-le-23-juin-20250618_H6JKKEANENAVRMGA2HDII6FXYU\/\">une prolongation arrach\u00e9e sur le fil pour \u00e9viter l\u2019\u00e9chec<\/a>. Une voie du compromis se dessine-t-elle ? Les d\u00e9clarations des syndicats \u00e0 l\u2019issue de la derni\u00e8re r\u00e9union ne vont en tout cas pas dans ce sens, alors que le pr\u00e9sident du Medef, Patrick Martin, s\u2019est dit \u00abtr\u00e8s r\u00e9serv\u00e9\u00bb sur la participation lundi de son organe.<\/p>\n<p class=\"sc-ksZaOG ehjQrN text-element\"><b>Bac : l\u2019heure du grand oral a sonn\u00e9 pour les terminales<\/b><\/p>\n<p class=\"sc-ksZaOG ehjQrN text-element\">Apr\u00e8s la philosophie et les \u00e9preuves de sp\u00e9cialit\u00e9s la semaine derni\u00e8re, les plus de 530 000 lyc\u00e9ens de terminale g\u00e9n\u00e9rale ou technologique <a href=\"https:\/\/www.liberation.fr\/societe\/education\/retards-portables-acces-aux-toilettes-ce-qui-est-obligatoire-autorise-ou-interdit-pendant-les-epreuves-du-bac-20250615_PVEM7YJKDJABFAO5SKW5G4QWG4\/\" target=\"_blank\" rel=\"noopener\" title=\"https:\/\/www.liberation.fr\/societe\/education\/retards-portables-acces-aux-toilettes-ce-qui-est-obligatoire-autorise-ou-interdit-pendant-les-epreuves-du-bac-20250615_PVEM7YJKDJABFAO5SKW5G4QWG4\/\">candidats au bac passeront<\/a> cette \u00e9preuve d\u2019ici au mercredi 2 juillet. Les r\u00e9sultats du bac, indispensable pour acc\u00e9der aux \u00e9tudes sup\u00e9rieures, seront, eux, publi\u00e9s le 4 juillet.<\/p>\n","protected":false},"excerpt":{"rendered":"Chaque matin, la r\u00e9daction de Lib\u00e9 s\u00e9lectionne les actualit\u00e9s incontournables en France, dans le reste du monde et&hellip;\n","protected":false},"author":2,"featured_media":199552,"comment_status":"","ping_status":"","sticky":false,"template":"","format":"standard","meta":{"footnotes":""},"categories":[1590],"tags":[11,73,1777,674,3019,12,4702,132,220],"class_list":{"0":"post-199551","1":"post","2":"type-post","3":"status-publish","4":"format-standard","5":"has-post-thumbnail","7":"category-ukraine","8":"tag-actualites","9":"tag-etats-unis","10":"tag-eu","11":"tag-europe","12":"tag-iran","13":"tag-news","14":"tag-recap-actu","15":"tag-russie","16":"tag-ukraine"},"share_on_mastodon":{"url":"https:\/\/pubeurope.com\/@fr\/114735738070124992","error":""},"_links":{"self":[{"href":"https:\/\/www.europesays.com\/fr\/wp-json\/wp\/v2\/posts\/199551","targetHints":{"allow":["GET"]}}],"collection":[{"href":"https:\/\/www.europesays.com\/fr\/wp-json\/wp\/v2\/posts"}],"about":[{"href":"https:\/\/www.europesays.com\/fr\/wp-json\/wp\/v2\/types\/post"}],"author":[{"embeddable":true,"href":"https:\/\/www.europesays.com\/fr\/wp-json\/wp\/v2\/users\/2"}],"replies":[{"embeddable":true,"href":"https:\/\/www.europesays.com\/fr\/wp-json\/wp\/v2\/comments?post=199551"}],"version-history":[{"count":0,"href":"https:\/\/www.europesays.com\/fr\/wp-json\/wp\/v2\/posts\/199551\/revisions"}],"wp:featuredmedia":[{"embeddable":true,"href":"https:\/\/www.europesays.com\/fr\/wp-json\/wp\/v2\/media\/199552"}],"wp:attachment":[{"href":"https:\/\/www.europesays.com\/fr\/wp-json\/wp\/v2\/media?parent=199551"}],"wp:term":[{"taxonomy":"category","embeddable":true,"href":"https:\/\/www.europesays.com\/fr\/wp-json\/wp\/v2\/categories?post=199551"},{"taxonomy":"post_tag","embeddable":true,"href":"https:\/\/www.europesays.com\/fr\/wp-json\/wp\/v2\/tags?post=199551"}],"curies":[{"name":"wp","href":"https:\/\/api.w.org\/{rel}","templated":true}]}}