{"id":199610,"date":"2025-06-24T02:01:33","date_gmt":"2025-06-24T02:01:33","guid":{"rendered":"https:\/\/www.europesays.com\/fr\/199610\/"},"modified":"2025-06-24T02:01:33","modified_gmt":"2025-06-24T02:01:33","slug":"spectacle-au-chateau-terra-loreina-lodyssee-de-la-lorraine","status":"publish","type":"post","link":"https:\/\/www.europesays.com\/fr\/199610\/","title":{"rendered":"Spectacle au ch\u00e2teau Terra Loreina, l\u2019odyss\u00e9e de la Lorraine"},"content":{"rendered":"<p>Le nouveau spectacle son et lumi\u00e8re de Damien Fontaine, Terra Loreina, l\u2019odyss\u00e9e de la Lorraine , relate l\u2019histoire de la Lorraine. Il raconte les aventures de Claire et Simon, deux enfants brutalement s\u00e9par\u00e9s par une fronti\u00e8re n\u00e9e de la guerre. La Seille, autrefois rivi\u00e8re de jeux, devient ligne de division entre la France et l\u2019Allemagne.<\/p>\n<p class=\"note\">Tous les jours du mercredi 25 juin au dimanche 20 juillet, au ch\u00e2teau, 5, rue du Ch\u00e2teau, \u00e0 Fl\u00e9ville-devant-Nancy. Tarif : 45 \u20ac. R\u00e9servation sur https:\/\/terra-loreina.fr<\/p>\n","protected":false},"excerpt":{"rendered":"Le nouveau spectacle son et lumi\u00e8re de Damien Fontaine, Terra Loreina, l\u2019odyss\u00e9e de la Lorraine , relate l\u2019histoire&hellip;\n","protected":false},"author":2,"featured_media":199611,"comment_status":"","ping_status":"","sticky":false,"template":"","format":"standard","meta":{"footnotes":""},"categories":[9635],"tags":[1111,11,1687,1704,1777,674,9650,1011,27,775,9649,1702,12,25,3140],"class_list":{"0":"post-199610","1":"post","2":"type-post","3":"status-publish","4":"format-standard","5":"has-post-thumbnail","7":"category-nancy","8":"tag-actu","9":"tag-actualites","10":"tag-culture-loisirs","11":"tag-edition-nancy-et-agglomeration","12":"tag-eu","13":"tag-europe","14":"tag-fleville-devant-nancy","15":"tag-fr","16":"tag-france","17":"tag-grand-est","18":"tag-metropole-du-grand-nancy-54b2","19":"tag-nancy","20":"tag-news","21":"tag-republique-francaise","22":"tag-spectacle"},"share_on_mastodon":{"url":"https:\/\/pubeurope.com\/@fr\/114735879460036041","error":""},"_links":{"self":[{"href":"https:\/\/www.europesays.com\/fr\/wp-json\/wp\/v2\/posts\/199610","targetHints":{"allow":["GET"]}}],"collection":[{"href":"https:\/\/www.europesays.com\/fr\/wp-json\/wp\/v2\/posts"}],"about":[{"href":"https:\/\/www.europesays.com\/fr\/wp-json\/wp\/v2\/types\/post"}],"author":[{"embeddable":true,"href":"https:\/\/www.europesays.com\/fr\/wp-json\/wp\/v2\/users\/2"}],"replies":[{"embeddable":true,"href":"https:\/\/www.europesays.com\/fr\/wp-json\/wp\/v2\/comments?post=199610"}],"version-history":[{"count":0,"href":"https:\/\/www.europesays.com\/fr\/wp-json\/wp\/v2\/posts\/199610\/revisions"}],"wp:featuredmedia":[{"embeddable":true,"href":"https:\/\/www.europesays.com\/fr\/wp-json\/wp\/v2\/media\/199611"}],"wp:attachment":[{"href":"https:\/\/www.europesays.com\/fr\/wp-json\/wp\/v2\/media?parent=199610"}],"wp:term":[{"taxonomy":"category","embeddable":true,"href":"https:\/\/www.europesays.com\/fr\/wp-json\/wp\/v2\/categories?post=199610"},{"taxonomy":"post_tag","embeddable":true,"href":"https:\/\/www.europesays.com\/fr\/wp-json\/wp\/v2\/tags?post=199610"}],"curies":[{"name":"wp","href":"https:\/\/api.w.org\/{rel}","templated":true}]}}