{"id":199614,"date":"2025-06-24T02:03:29","date_gmt":"2025-06-24T02:03:29","guid":{"rendered":"https:\/\/www.europesays.com\/fr\/199614\/"},"modified":"2025-06-24T02:03:29","modified_gmt":"2025-06-24T02:03:29","slug":"en-video-les-plus-beaux-essais-de-la-demi-finale-entre-lubb-et-toulon","status":"publish","type":"post","link":"https:\/\/www.europesays.com\/fr\/199614\/","title":{"rendered":"en vid\u00e9o, les plus beaux essais de la demi-finale entre l\u2019UBB et Toulon"},"content":{"rendered":"<p><strong>EN VIDEO \u2013 <\/strong>D\u00e9couvrez les essais aplatis lors de la demi-finale du Top 14 entre Bordeaux-B\u00e8gles et le RCT avec les images de Canal+.<\/p>\n<p class=\"fig-paragraph\">Sacr\u00e9 en Champions Cup en mai au terme d\u2019une campagne europ\u00e9enne parfaite, Bordeaux-B\u00e8gles doit remettre le bleu de chauffe pour r\u00e9pondre au combat que vont proposer des Toulonnais aux dents longues, samedi en demi-finale de Top 14, et faire un nouveau pas vers un doubl\u00e9 retentissant. Retrouvez en vid\u00e9o les essais de cette deuxi\u00e8me demi-finale du Top 14.<\/p>\n<p class=\"fig-paragraph\"><strong>Depoortere inscrit le premier essai de la rencontre (8-3, 20e)<\/strong><\/p>\n<p class=\"fig-paragraph\">Le centre international a trouv\u00e9 l\u2019espace dans la d\u00e9fense adverse sur le c\u00f4t\u00e9 droit gr\u00e2ce \u00e0 une feinte de passe g\u00e9niale qui a tromp\u00e9 Garbisi. Jalibert manque la transformation mais l\u2019UBB m\u00e8ne alors 8-3. Maxime Lamothe a doubl\u00e9 la mise avant la demi-heure de jeu (15-3, 27e).<\/p>\n<p class=\"fig-paragraph\"><strong>Fainga\u2019anuku relance Toulon (15-10, 41e)<\/strong><\/p>\n<p class=\"fig-paragraph\">Les joueurs de la Rade trouvent enfin la faille apr\u00e8s une bonne m\u00eal\u00e9e et surtout un \u00e9norme travail de Garbisi, qui trouve l\u2019intervalle et sert le N\u00e9o-z\u00e9landais qui s\u2019envole en terre promise. Jaminet transforme et les deux \u00e9quipes retournent aux vestiaires.<\/p>\n<p class=\"fig-paragraph\"><strong>La sp\u00e9ciale Jalibert pour servir Penaud (29-10, 53e)<\/strong><\/p>\n<p class=\"fig-paragraph\">L\u2019UBB prend le large sur une sp\u00e9cialit\u00e9 maison\u00a0: la passe au pied de Jalibert pour Penaud qui se joue de la d\u00e9fense et s\u2019envole \u00e0 l\u2019essai sous les perches. Le demi d\u2019ouverture rajoute deux points et met Bordeaux \u00e0 19 points.<\/p>\n<p class=\"fig-paragraph\"><strong>\u00c0 VOIR AUSSI \u2013 <\/strong>Insolite\u00a0: le footballeur fran\u00e7ais Rayan Cherki casse une cam\u00e9ra \u00e0 l\u2019entra\u00eenement avec Manchester City<\/p>\n","protected":false},"excerpt":{"rendered":"EN VIDEO \u2013 D\u00e9couvrez les essais aplatis lors de la demi-finale du Top 14 entre Bordeaux-B\u00e8gles et le&hellip;\n","protected":false},"author":2,"featured_media":199615,"comment_status":"","ping_status":"","sticky":false,"template":"","format":"standard","meta":{"footnotes":""},"categories":[9619],"tags":[1111,11,525,4590,1981,2313,814,1777,674,1011,27,955,12,4589,882,2311,3461,25,1980,479,10405,2259,478,2310,2312,4364,7974],"class_list":{"0":"post-199614","1":"post","2":"type-post","3":"status-publish","4":"format-standard","5":"has-post-thumbnail","7":"category-toulon","8":"tag-actu","9":"tag-actualites","10":"tag-calendrier","11":"tag-championnat-france","12":"tag-classement","13":"tag-clermont","14":"tag-direct","15":"tag-eu","16":"tag-europe","17":"tag-fr","18":"tag-france","19":"tag-match","20":"tag-news","21":"tag-phase-finale","22":"tag-provence-alpes-cote-dazur","23":"tag-racing","24":"tag-rct","25":"tag-republique-francaise","26":"tag-resultats","27":"tag-rugby","28":"tag-rugby-club-toulonnais","29":"tag-score","30":"tag-top-14","31":"tag-toulon","32":"tag-toulouse","33":"tag-ubb","34":"tag-union-bordeaux-begles"},"share_on_mastodon":{"url":"https:\/\/pubeurope.com\/@fr\/114735887388191290","error":""},"_links":{"self":[{"href":"https:\/\/www.europesays.com\/fr\/wp-json\/wp\/v2\/posts\/199614","targetHints":{"allow":["GET"]}}],"collection":[{"href":"https:\/\/www.europesays.com\/fr\/wp-json\/wp\/v2\/posts"}],"about":[{"href":"https:\/\/www.europesays.com\/fr\/wp-json\/wp\/v2\/types\/post"}],"author":[{"embeddable":true,"href":"https:\/\/www.europesays.com\/fr\/wp-json\/wp\/v2\/users\/2"}],"replies":[{"embeddable":true,"href":"https:\/\/www.europesays.com\/fr\/wp-json\/wp\/v2\/comments?post=199614"}],"version-history":[{"count":0,"href":"https:\/\/www.europesays.com\/fr\/wp-json\/wp\/v2\/posts\/199614\/revisions"}],"wp:featuredmedia":[{"embeddable":true,"href":"https:\/\/www.europesays.com\/fr\/wp-json\/wp\/v2\/media\/199615"}],"wp:attachment":[{"href":"https:\/\/www.europesays.com\/fr\/wp-json\/wp\/v2\/media?parent=199614"}],"wp:term":[{"taxonomy":"category","embeddable":true,"href":"https:\/\/www.europesays.com\/fr\/wp-json\/wp\/v2\/categories?post=199614"},{"taxonomy":"post_tag","embeddable":true,"href":"https:\/\/www.europesays.com\/fr\/wp-json\/wp\/v2\/tags?post=199614"}],"curies":[{"name":"wp","href":"https:\/\/api.w.org\/{rel}","templated":true}]}}