{"id":199629,"date":"2025-06-24T02:13:15","date_gmt":"2025-06-24T02:13:15","guid":{"rendered":"https:\/\/www.europesays.com\/fr\/199629\/"},"modified":"2025-06-24T02:13:15","modified_gmt":"2025-06-24T02:13:15","slug":"alsace-nature-fait-appel-de-la-decision-du-tribunal-administratif","status":"publish","type":"post","link":"https:\/\/www.europesays.com\/fr\/199629\/","title":{"rendered":"Alsace Nature fait appel de la d\u00e9cision du tribunal administratif"},"content":{"rendered":"<p>Apr\u00e8s la Collectivit\u00e9 europ\u00e9enne d\u2019Alsace, l\u2019association Alsace Nature a annonc\u00e9, ce lundi, qu\u2019elle fait appel du <a href=\"http:\/\/www.lalsace.fr\/economie\/2025\/06\/17\/le-tribunal-administratif-de-strasbourg-autorise-le-confinement-des-dechets\" target=\"_blank\" rel=\"noopener\">jugement du tribunal administratif de Strasbourg<\/a>. Mardi dernier, ce dernier a autoris\u00e9 le confinement d\u00e9finitif des d\u00e9chets enfouis \u00e0 550 m\u00e8tres de profondeur \u00e0 Wittelsheim, consid\u00e9rant que le projet de cr\u00e9ation d\u2019un sarcophage en b\u00e9ton \u00e9tait la solution la moins risqu\u00e9e pour l\u2019homme et l\u2019environnement. Alsace Nature \u00ab conteste fermement cette d\u00e9cision, qu\u2019elle consid\u00e8re comme une grave menace pour la nappe phr\u00e9atique d\u2019Alsace et la sant\u00e9 des g\u00e9n\u00e9rations futures \u00bb. \u00ab Fid\u00e8le \u00e0 son engagement en faveur de la protection de l\u2019environnement et en vertu du principe de pr\u00e9caution, Alsace Nature poursuivra toutes les voies de recours possibles afin d\u2019obtenir une solution respectueuse de l\u2019int\u00e9r\u00eat g\u00e9n\u00e9ral \u00bb, indique l\u2019association dans un communiqu\u00e9.<\/p>\n<p><a href=\"http:\/\/www.lalsace.fr\/economie\/2025\/06\/17\/stocamine-a-wittelsheim-un-tres-epais-dossier-judiciaire\" target=\"_blank\" rel=\"noopener\">La cour administrative d\u2019appel de Nancy<\/a> aura dont l\u2019occasion d\u2019examiner \u00e0 nouveau le dossier Stocamine, en 2026 ou 2027. En attendant, les travaux se poursuivent sur le site \u00e0 Wittelsheim.<\/p>\n","protected":false},"excerpt":{"rendered":"Apr\u00e8s la Collectivit\u00e9 europ\u00e9enne d\u2019Alsace, l\u2019association Alsace Nature a annonc\u00e9, ce lundi, qu\u2019elle fait appel du jugement du&hellip;\n","protected":false},"author":2,"featured_media":199630,"comment_status":"","ping_status":"","sticky":false,"template":"","format":"standard","meta":{"footnotes":""},"categories":[2820],"tags":[1111,11,2389,6084,33,1636,436,1777,674,107,1011,27,775,1637,693,12,1800,25,30914,104,640,30913],"class_list":{"0":"post-199629","1":"post","2":"type-post","3":"status-publish","4":"format-standard","5":"has-post-thumbnail","7":"category-strasbourg","8":"tag-actu","9":"tag-actualites","10":"tag-alsace","11":"tag-droit","12":"tag-economie","13":"tag-edition-mulhouse-thann","14":"tag-environnement","15":"tag-eu","16":"tag-europe","17":"tag-fil-info","18":"tag-fr","19":"tag-france","20":"tag-grand-est","21":"tag-haut-rhin","22":"tag-industrie","23":"tag-news","24":"tag-pollution","25":"tag-republique-francaise","26":"tag-secteur-de-cernay","27":"tag-societe","28":"tag-strasbourg","29":"tag-wittelsheim"},"share_on_mastodon":{"url":"https:\/\/pubeurope.com\/@fr\/114735926742590836","error":""},"_links":{"self":[{"href":"https:\/\/www.europesays.com\/fr\/wp-json\/wp\/v2\/posts\/199629","targetHints":{"allow":["GET"]}}],"collection":[{"href":"https:\/\/www.europesays.com\/fr\/wp-json\/wp\/v2\/posts"}],"about":[{"href":"https:\/\/www.europesays.com\/fr\/wp-json\/wp\/v2\/types\/post"}],"author":[{"embeddable":true,"href":"https:\/\/www.europesays.com\/fr\/wp-json\/wp\/v2\/users\/2"}],"replies":[{"embeddable":true,"href":"https:\/\/www.europesays.com\/fr\/wp-json\/wp\/v2\/comments?post=199629"}],"version-history":[{"count":0,"href":"https:\/\/www.europesays.com\/fr\/wp-json\/wp\/v2\/posts\/199629\/revisions"}],"wp:featuredmedia":[{"embeddable":true,"href":"https:\/\/www.europesays.com\/fr\/wp-json\/wp\/v2\/media\/199630"}],"wp:attachment":[{"href":"https:\/\/www.europesays.com\/fr\/wp-json\/wp\/v2\/media?parent=199629"}],"wp:term":[{"taxonomy":"category","embeddable":true,"href":"https:\/\/www.europesays.com\/fr\/wp-json\/wp\/v2\/categories?post=199629"},{"taxonomy":"post_tag","embeddable":true,"href":"https:\/\/www.europesays.com\/fr\/wp-json\/wp\/v2\/tags?post=199629"}],"curies":[{"name":"wp","href":"https:\/\/api.w.org\/{rel}","templated":true}]}}