{"id":199631,"date":"2025-06-24T02:14:27","date_gmt":"2025-06-24T02:14:27","guid":{"rendered":"https:\/\/www.europesays.com\/fr\/199631\/"},"modified":"2025-06-24T02:14:27","modified_gmt":"2025-06-24T02:14:27","slug":"reamenagement-des-espaces-exterieurs-pour-optimiser-la-qualite-de-vie-urbaine-et-la-gestion-des-eaux-pluviales","status":"publish","type":"post","link":"https:\/\/www.europesays.com\/fr\/199631\/","title":{"rendered":"r\u00e9am\u00e9nagement des espaces ext\u00e9rieurs pour optimiser la qualit\u00e9 de vie urbaine et la gestion des eaux pluviales"},"content":{"rendered":"<p>\nDans le <a title=\"L&#039;actualit\u00e9 BTP du d\u00e9partement du Bas-Rhin\" href=\"https:\/\/www.lemoniteur.fr\/bas-rhin\/\" rel=\"noopener\" target=\"\" class=\"lien-contextuel\">Bas-Rhin<\/a>, le mod\u00e8le strasbourgeois d&rsquo;am\u00e9nagement d&rsquo;espaces ext\u00e9rieurs (Espex) continue son bonhomme de chemin. Depuis 2016, il porte l&rsquo;objectif de diffuser v\u00e9g\u00e9talisation, infiltration des eaux pluviales, r\u00e9alisation de placettes, liaisons douces et autres aires de jeux \u00e0 des quartiers sociaux qui ne sont pas inscrits aux programmes de renouvellement urbain soutenus par l&rsquo;Anru. \u00ab Leurs besoins sont cependant tout aussi importants, et l&rsquo;attente des habitants est d\u00e8s lors \u00e9galement l\u00e9gitime quant \u00e0 l&rsquo;am\u00e9lioration de leur cadre de vie. Il s&rsquo;agit aussi d&#8217;emp\u00eacher que se forme un contraste entre le bas des immeubles et les habitations elles-m\u00eames qui sont r\u00e9nov\u00e9es par les bailleurs \u00bb, expose Benjamin Soulet, adjoint \u00e0 l&rsquo;\u00e9quit\u00e9 territoriale \u00e0 la mairie de Strasbourg.<\/p>\n<p><b>Programmes plus globaux<\/b><\/p>\n<p>\nDes probl\u00e9matiques financi\u00e8res et techniques ont pouss\u00e9 l&rsquo;Eurom\u00e9tropole de Strasbourg (EMS) \u00e0 concevoir 11 programmes plus globaux. Parmi elles, l&rsquo;arr\u00eat programm\u00e9, devenu effectif en 2022, des subventions de l&rsquo;Etat \u00e0 l&rsquo;entretien dans de tels quartiers des espaces privatifs mais \u00ab ouverts et \u00e0 usage public \u00bb, comme les cheminements de liaisons. Sans compter la n\u00e9cessit\u00e9 de \u00ab clarifier la domanialit\u00e9 \u00bb, \u00e0 savoir les r\u00e9partitions de propri\u00e9t\u00e9 fonci\u00e8re entre collectivit\u00e9s et bailleurs rest\u00e9es floues dans la fr\u00e9n\u00e9sie de pouss\u00e9e des HLM d&rsquo;apr\u00e8s-guerre.<\/p>\n<p>\nCes projets se r\u00e9partissent sur quatre communes de l&rsquo;agglom\u00e9ration, leur ma\u00eetrise d&rsquo;ouvrage incombant selon les cas \u00e0 l&rsquo;EMS, \u00e0 la Ville de Strasbourg ou au bailleur du quartier, avec cofinancement des autres parties. Ils repr\u00e9senteront au total quelque 27 M\u20ac de travaux. Quatre millions d&rsquo;euros se concentrent depuis mars dernier sur un site embl\u00e9matique : la cit\u00e9 Rotterdam, pionni\u00e8re strasbourgeoise des grands ensembles b\u00e2tie en 1953. Au pied des 712 logements de l&rsquo;office public Oph\u00e9a &#8211; que celui-ci compl\u00e9tera d&rsquo;une r\u00e9sidence seniors de 38 unit\u00e9s d&rsquo;ici 2027 -neuf r\u00e9am\u00e9nagements se conjugueront jusqu&rsquo;au premier trimestre 2026 (ma\u00eetrise d&rsquo;\u0153uvre : Soderef et Chemins indiens). Nouveau plateau sportif, pi\u00e9tonnisation d&rsquo;une rue, d&rsquo;une place et d&rsquo;un point de passage, modification de trottoir, v\u00e9g\u00e9talisation pour r\u00e9unir les deux parties du parc du quartier, infiltration des eaux, travail sur le stationnement : le projet concentre les principaux axes directeurs de la d\u00e9marche Espex.<\/p>\n<p><b>Les usages comme point de d\u00e9part<\/b><\/p>\n<p>\n\u00ab Et comme ailleurs, il part d&rsquo;un recensement d\u00e9taill\u00e9 des usages, au cas par cas \u00bb, souligne Benjamin Soulet. Sur l&rsquo;autre quartier dont les travaux d\u00e9marrent, celui des \u00ab G\u00e9n\u00e9raux \u00bb \u00e0 Schiltigheim, les constats de stationnements sauvages, de manque d&rsquo;espaces verts ou d&rsquo;\u00e9troitesse de la piste cyclable d\u00e9terminent les r\u00e9am\u00e9nagements, tels la voie v\u00e9lo rendue bidirectionnelle et la cr\u00e9ation d&rsquo;un parc public et de nouvelles places de stationnement.<\/p>\n<p>\nLa d\u00e9marche Espex veut aussi contribuer au d\u00e9ploiement des \u00eelots de fra\u00eecheur et \u00e0 la d\u00e9simperm\u00e9abilisation dans l&rsquo;agglom\u00e9ration. Ainsi, il a fait gagner 4 000 m2 d&rsquo;espaces verts, soit 25 % de plus, \u00e0 la cit\u00e9 du Guirbaden \u00e0 Bischheim o\u00f9 elle a \u00e9t\u00e9 mise en \u0153uvre jusqu&rsquo;\u00e0 fin 2021.<\/p>\n","protected":false},"excerpt":{"rendered":"Dans le Bas-Rhin, le mod\u00e8le strasbourgeois d&rsquo;am\u00e9nagement d&rsquo;espaces ext\u00e9rieurs (Espex) continue son bonhomme de chemin. Depuis 2016, il&hellip;\n","protected":false},"author":2,"featured_media":199632,"comment_status":"","ping_status":"","sticky":false,"template":"","format":"standard","meta":{"footnotes":""},"categories":[2820],"tags":[1111,11,9857,1350,2649,33908,932,1777,12925,674,1011,27,775,12,4916,5678,25,640],"class_list":{"0":"post-199631","1":"post","2":"type-post","3":"status-publish","4":"format-standard","5":"has-post-thumbnail","7":"category-strasbourg","8":"tag-actu","9":"tag-actualites","10":"tag-amenagement","11":"tag-architecture","12":"tag-bas-rhin","13":"tag-eaux-pluviales","14":"tag-est","15":"tag-eu","16":"tag-eurometropole-de-stras","17":"tag-europe","18":"tag-fr","19":"tag-france","20":"tag-grand-est","21":"tag-news","22":"tag-projets","23":"tag-renouvellement-urbain","24":"tag-republique-francaise","25":"tag-strasbourg"},"share_on_mastodon":{"url":"https:\/\/pubeurope.com\/@fr\/114735930640605418","error":""},"_links":{"self":[{"href":"https:\/\/www.europesays.com\/fr\/wp-json\/wp\/v2\/posts\/199631","targetHints":{"allow":["GET"]}}],"collection":[{"href":"https:\/\/www.europesays.com\/fr\/wp-json\/wp\/v2\/posts"}],"about":[{"href":"https:\/\/www.europesays.com\/fr\/wp-json\/wp\/v2\/types\/post"}],"author":[{"embeddable":true,"href":"https:\/\/www.europesays.com\/fr\/wp-json\/wp\/v2\/users\/2"}],"replies":[{"embeddable":true,"href":"https:\/\/www.europesays.com\/fr\/wp-json\/wp\/v2\/comments?post=199631"}],"version-history":[{"count":0,"href":"https:\/\/www.europesays.com\/fr\/wp-json\/wp\/v2\/posts\/199631\/revisions"}],"wp:featuredmedia":[{"embeddable":true,"href":"https:\/\/www.europesays.com\/fr\/wp-json\/wp\/v2\/media\/199632"}],"wp:attachment":[{"href":"https:\/\/www.europesays.com\/fr\/wp-json\/wp\/v2\/media?parent=199631"}],"wp:term":[{"taxonomy":"category","embeddable":true,"href":"https:\/\/www.europesays.com\/fr\/wp-json\/wp\/v2\/categories?post=199631"},{"taxonomy":"post_tag","embeddable":true,"href":"https:\/\/www.europesays.com\/fr\/wp-json\/wp\/v2\/tags?post=199631"}],"curies":[{"name":"wp","href":"https:\/\/api.w.org\/{rel}","templated":true}]}}