{"id":199633,"date":"2025-06-24T02:15:15","date_gmt":"2025-06-24T02:15:15","guid":{"rendered":"https:\/\/www.europesays.com\/fr\/199633\/"},"modified":"2025-06-24T02:15:15","modified_gmt":"2025-06-24T02:15:15","slug":"mensonges-contre-fake-news-eric-ciotti-et-anthony-borre-saffrontent-sur-les-effectifs-de-la-police-municipale-de-nice","status":"publish","type":"post","link":"https:\/\/www.europesays.com\/fr\/199633\/","title":{"rendered":"\u00ab\u00a0Mensonges\u00a0\u00bb contre \u00ab\u00a0fake news\u00a0\u00bb: Eric Ciotti et Anthony Borr\u00e9 s\u2019affrontent sur les effectifs de la police municipale de Nice"},"content":{"rendered":"<p>\u00ab\u00a0Un d\u00e9calage consid\u00e9rable entre [les] annonces publiques et la r\u00e9alit\u00e9 constat\u00e9e\u00a0\u00bb, c\u2019est ce que d\u00e9nonce \u00c9ric Ciotti. Le d\u00e9put\u00e9 de la premi\u00e8re circonscription et probable candidat aux prochaines municipales de Nice a \u00e9crit en milieu de semaine \u00e0 Christian Estrosi, le maire de Nice.<\/p>\n<p>Selon l\u2019ennemi intime de Christian Estrosi il y aurait \u00ab\u00a0un d\u00e9calage abyssal entre les effectifs annonc\u00e9s de la police municipale \u00e0 Nice et la r\u00e9alit\u00e9 du terrain\u00a0\u00bb.<\/p>\n<p>\u00ab\u00a0Moins que du temps de Jacques Peyrat\u00a0\u00bb<\/p>\n<p>La majorit\u00e9 en place, dans sa communication, avance sa volont\u00e9 de vouloir recruter 50 agents de plus pour porter l\u2019effectif \u00e0 600 policiers.<\/p>\n<p>Or, selon \u00c9ric Ciotti, il n\u2019y aurait en r\u00e9alit\u00e9 \u00ab\u00a0pas plus de 330 policiers municipaux ni\u00e7ois op\u00e9rationnels\u00a0\u00bb dont \u00ab\u00a0une quarantaine en cong\u00e9s longue dur\u00e9e, grossesse ou non arm\u00e9s\u00a0\u00bb et une \u00ab\u00a0trentaine affect\u00e9e \u00e0 des t\u00e2ches administratives\u00a0\u00bb.<\/p>\n<p>Le patron de l\u2019Union des Droites pour la R\u00e9publique, estime d\u00e8s lors qu\u2019il n\u2019y aurait \u00ab\u00a0pas plus de 260 policiers municipaux sur le terrain\u00a0\u00bb.<\/p>\n<p>\u00ab\u00a0Moins que du temps de Jacques Peyrat [l\u2019ancien maire de Nice]\u00a0\u00bb, ass\u00e8ne l\u2019\u00e9lu azur\u00e9en qui accuse la Municipalit\u00e9 de \u00ab\u00a0mensonges\u00a0\u00bb.<\/p>\n<p>\u00ab\u00a0Un maquillage politique [qu\u2019il] d\u00e9nonce avec gravit\u00e9\u00a0\u00bb et qui obligerait la municipalit\u00e9 \u00e0 avoir recours \u00e0 des agents de s\u00e9curit\u00e9 pour pallier son manque de policiers municipaux.<\/p>\n<p>Un tissu \u00ab\u00a0d\u2019absurdit\u00e9s\u00a0\u00bb<\/p>\n<p>C\u2019est le premier adjoint de la Ville, en charge de la S\u00e9curit\u00e9, qui sort du bois pour r\u00e9pondre aux \u00ab\u00a0absurdit\u00e9s\u00a0\u00bb du d\u00e9put\u00e9. Anthony Borr\u00e9 n\u2019h\u00e9site pas \u00e0 tacler \u00c9ric Ciotti dont il d\u00e9plore \u00ab\u00a0la m\u00e9connaissance absolue et totale d\u2019un sujet dont il pr\u00e9tend \u00eatre un sp\u00e9cialiste\u00a0\u00bb.<\/p>\n<p>Ce membre de la majorit\u00e9 r\u00e9affirme sa volont\u00e9 de porter l\u2019effectif de la police municipale \u00e0 600 agents. \u00ab\u00a0C\u2019est ce que nous voulons et ce que nous pouvons faire\u00a0\u00bb, assure-t-il en rappelant que c\u2019est ce qui a \u00e9t\u00e9 vot\u00e9 lors du dernier budget.<\/p>\n<p>Mais pour arriver \u00e0 ce nombre encore faut-il recruter. C\u2019est ce que fait Nice en d\u00e9pit de la concurrence entre les communes qui se disputent le peu de nouveaux agents dipl\u00f4m\u00e9s chaque ann\u00e9e.<\/p>\n<p>\u00ab\u00a0Nos effectifs ont encore augment\u00e9 de 7% cette ann\u00e9e\u00a0\u00bb, assure Anthony Borr\u00e9 qui balaye les chiffres avanc\u00e9s par \u00c9ric Ciotti.<\/p>\n<p>\u00ab\u00a0Nous en avions 403 en 2024 et nous avons 421 en 2025 auxquels s\u2019ajoutent 30 en recrutement en cours et 22 en formation. Soit 473 policiers municipaux et non 330.\u00a0\u00bb<\/p>\n<p>L\u2019\u00e9lu ni\u00e7ois s\u2019offusque de \u00ab\u00a0l\u2019anath\u00e8me\u00a0\u00bb jet\u00e9 sur certains de ces agents.<\/p>\n<p>\u00ab\u00a0Parce qu\u2019une polici\u00e8re est enceinte ou parce qu\u2019un autre est en poste, non arm\u00e9, au centre de supervision, ceux-l\u00e0 ne seraient plus vraiment des policiers municipaux?\u00a0\u00bb, d\u00e9plore-t-il en faisant r\u00e9f\u00e9rence \u00e0 la d\u00e9cote op\u00e9r\u00e9e par \u00c9ric Ciotti qu\u2019il accuse tout bonnement de \u00ab\u00a0fake news\u00a0\u00bb.<\/p>\n<p>Quant aux agents priv\u00e9s de GAIDA (1), s\u2019il d\u00e9fend leur utilit\u00e9 et leur efficacit\u00e9 \u00e0 laquelle le d\u00e9partement a pourtant refus\u00e9 de concourir financi\u00e8rement au travers de son bailleur social Habitat 06, \u00ab\u00a0non ils n\u2019ont pas vocation \u00e0 remplacer les policiers\u00a0\u00bb.<\/p>\n<p>Les chiffres du minist\u00e8re de l\u2019Int\u00e9rieur<\/p>\n<p>Dans cette guerre des chiffres qui dit vrai? Pour le savoir nous sommes all\u00e9s consulter les bases de donn\u00e9es du minist\u00e8re de l\u2019Int\u00e9rieur, disponibles sur le site gouvernemental <a href=\"http:\/\/data.gouv.fr.\" target=\"_blank\" rel=\"noopener nofollow\">data.gouv.fr.<\/a> Le dernier fichier mis \u00e0 jour en mai dernier recense les effectifs de toutes les polices de France en 2023.<\/p>\n<p>Cette ann\u00e9e-l\u00e0 Nice comptait dans ses rangs 411 policiers municipaux et 158 agents de s\u00e9curisation de la voie publique (ASVP). Soit 1,6 agent pour mille habitants.<\/p>\n<p>Et 1,17 policier municipal pour 1.000 habitants. Un taux qui pla\u00e7ait la capitale azur\u00e9enne au troisi\u00e8me rang des villes de plus de 100.000 habitants les mieux dot\u00e9es de France, apr\u00e8s Perpignan et N\u00eemes, mais devant Paris, Marseille, Lyon ou encore Grenoble.<\/p>\n<p>Le plus ancien fichier recens\u00e9 sur ce site rapporte les effectifs de 2013. Dix ans plus t\u00f4t Nice comptait alors 366 policiers municipaux \u00e9paul\u00e9s par 132 ASVP.<\/p>\n<p>1. Groupement d\u2019agents interbailleurs contre les d\u00e9sordres et les abus.<\/p>\n","protected":false},"excerpt":{"rendered":"\u00ab\u00a0Un d\u00e9calage consid\u00e9rable entre [les] annonces publiques et la r\u00e9alit\u00e9 constat\u00e9e\u00a0\u00bb, c\u2019est ce que d\u00e9nonce \u00c9ric Ciotti. Le&hellip;\n","protected":false},"author":2,"featured_media":199634,"comment_status":"","ping_status":"","sticky":false,"template":"","format":"standard","meta":{"footnotes":""},"categories":[2819],"tags":[1111,11,1777,674,1011,27,12,2401,882,25,656],"class_list":{"0":"post-199633","1":"post","2":"type-post","3":"status-publish","4":"format-standard","5":"has-post-thumbnail","7":"category-nice","8":"tag-actu","9":"tag-actualites","10":"tag-eu","11":"tag-europe","12":"tag-fr","13":"tag-france","14":"tag-news","15":"tag-nice","16":"tag-provence-alpes-cote-dazur","17":"tag-republique-francaise","18":"tag-securite"},"share_on_mastodon":{"url":"https:\/\/pubeurope.com\/@fr\/114735934851204572","error":""},"_links":{"self":[{"href":"https:\/\/www.europesays.com\/fr\/wp-json\/wp\/v2\/posts\/199633","targetHints":{"allow":["GET"]}}],"collection":[{"href":"https:\/\/www.europesays.com\/fr\/wp-json\/wp\/v2\/posts"}],"about":[{"href":"https:\/\/www.europesays.com\/fr\/wp-json\/wp\/v2\/types\/post"}],"author":[{"embeddable":true,"href":"https:\/\/www.europesays.com\/fr\/wp-json\/wp\/v2\/users\/2"}],"replies":[{"embeddable":true,"href":"https:\/\/www.europesays.com\/fr\/wp-json\/wp\/v2\/comments?post=199633"}],"version-history":[{"count":0,"href":"https:\/\/www.europesays.com\/fr\/wp-json\/wp\/v2\/posts\/199633\/revisions"}],"wp:featuredmedia":[{"embeddable":true,"href":"https:\/\/www.europesays.com\/fr\/wp-json\/wp\/v2\/media\/199634"}],"wp:attachment":[{"href":"https:\/\/www.europesays.com\/fr\/wp-json\/wp\/v2\/media?parent=199633"}],"wp:term":[{"taxonomy":"category","embeddable":true,"href":"https:\/\/www.europesays.com\/fr\/wp-json\/wp\/v2\/categories?post=199633"},{"taxonomy":"post_tag","embeddable":true,"href":"https:\/\/www.europesays.com\/fr\/wp-json\/wp\/v2\/tags?post=199633"}],"curies":[{"name":"wp","href":"https:\/\/api.w.org\/{rel}","templated":true}]}}