{"id":199637,"date":"2025-06-24T02:17:28","date_gmt":"2025-06-24T02:17:28","guid":{"rendered":"https:\/\/www.europesays.com\/fr\/199637\/"},"modified":"2025-06-24T02:17:28","modified_gmt":"2025-06-24T02:17:28","slug":"pres-de-nantes-cet-etablissement-heberge-quatre-centenaires","status":"publish","type":"post","link":"https:\/\/www.europesays.com\/fr\/199637\/","title":{"rendered":"Pr\u00e8s de Nantes, cet \u00e9tablissement h\u00e9berge quatre centenaires"},"content":{"rendered":"<p>            Par<br \/>\n        <strong><br \/>\n            <a href=\"https:\/\/actu.fr\/auteur\/journaliste-sm\" title=\"Consulter tous les articles de R\u00e9daction Clisson\" target=\"_blank\" rel=\"noopener\">R\u00e9daction Clisson<\/a><br \/>\n        <\/strong><\/p>\n<p>        Publi\u00e9 le<\/p>\n<p>            23 juin 2025 \u00e0 8h56        <\/p>\n<p>Madeleine Salaud a franchi le cap des 100\u00a0ans. Elle a c\u00e9l\u00e9br\u00e9 ce moment \u00e0 la <a href=\"https:\/\/www.groupesos-seniors.org\/\" target=\"_blank\" rel=\"noopener\">r\u00e9sidence des Gl\u00e9nans<\/a> \u00e0 <a href=\"https:\/\/actu.fr\/pays-de-la-loire\/haute-goulaine_44071\" target=\"_blank\" rel=\"noopener\"><b>Haute-Goulaine<\/b><\/a>, o\u00f9 elle vit depuis trois ans.<\/p>\n<blockquote class=\"ac-article-quote wall-content\">\n<p>Elle y est rentr\u00e9e \u00e0 la suite d\u2019une fracture du f\u00e9mur et quelques soucis de vue.<\/p>\n<p>L\u2019\u00e9tablissement.<\/p><\/blockquote>\n<p>De la Bruffi\u00e8re \u00e0 Salonique<\/p>\n<p class=\" wall-content\">N\u00e9e le <b>20\u00a0avril 1925,<\/b> aux <b>Essarts<\/b> (Vend\u00e9e), apr\u00e8s trois s\u0153urs et un fr\u00e8re, toute cette famille a d\u00e9m\u00e9nag\u00e9 \u00e0 <b>la Bruffi\u00e8re <\/b>o\u00f9 elle a fait sa scolarit\u00e9 jusqu\u2019\u00e0 ses 13\u00a0ans. Elle est<b> embauch\u00e9e \u00e0 14\u00a0ans<\/b> \u00e0 l\u2019entreprise Chaudi\u00e8re,<b> fabricant de chaussures,<\/b> situ\u00e9e dans cette commune. C\u2019est aussi l\u00e0 qu\u2019elle a rencontr\u00e9 celui qui,<b> le 17\u00a0juin 1946,<\/b> est devenu son mari, <b>Auguste Salaud.<\/b><\/p>\n<p class=\" wall-content\">Le couple qui aura <b>quatre enfants<\/b> a la particularit\u00e9 de les avoir eus dans <b>quatre communes diff\u00e9rentes<\/b>. Si Daniel, l\u2019a\u00een\u00e9, est n\u00e9 en 1947 \u00e0 la Bruffi\u00e8re, Jocelyne na\u00eet en 1948 \u00e0 <b>Tiffauges<\/b>, puis Cathy en 1952 \u00e0 <b>Parthenay<\/b>, et Thierry en 1959 \u00e0 <b>Marsanne <\/b>(Drome). Ils ont aussi r\u00e9sid\u00e9 \u00e0 <b>Visan <\/b>(Vaucluse), et plus surprenant pour l\u2019\u00e9poque, \u00e0 <b>Salonique <\/b>en <b>Gr\u00e8ce<\/b>.<\/p>\n<p>Vid\u00e9os : en ce moment sur Actu<br \/>\n    <img   decoding=\"async\" loading=\"lazy\" class=\"size-large\" src=\"https:\/\/www.europesays.com\/fr\/wp-content\/uploads\/2025\/06\/92b3c646e028687b3c646e0287bb3cv-960x640.jpg\" alt=\"Toute la famille est r\u00e9unie avant d'aller f\u00eater cela \u00e0 l'EHPAD\" width=\"960\" height=\"640\"\/><br \/>\n    Toute la famille est r\u00e9unie avant d\u2019aller f\u00eater l\u2019anniversaire \u00e0 l\u2019Ehpad. \u00a9DR<\/p>\n<p class=\" wall-content\">Ils reviennent, par la suite, vivre \u00e0 <b>Saint-S\u00e9bastien o<\/b>\u00f9 ils recueillent Robert, un neveu, dont la maman est d\u00e9c\u00e9d\u00e9e. En 1971, ils arrivent \u00e0 <b>Basse-Goulaine <\/b>avant de cr\u00e9er le<a href=\"https:\/\/www.mecasud1.fr\/\" target=\"_blank\" rel=\"noopener\"> garage M\u00e9casud<\/a>. Aujourd\u2019hui, Madeleine Salaud compte <b>15 petits-enfants et 38 arri\u00e8re-petits-enfants.<\/b> Veuve depuis 2017, elle est arriv\u00e9e aux Gl\u00e9nans en <b>2022<\/b>. D\u00e9sormais, elle y est <b>la quatri\u00e8me centenaire.<\/b><\/p>\n<p class=\" wall-content\">Suivez toute l\u2019actualit\u00e9 de vos villes et m\u00e9dias favoris en vous inscrivant \u00e0 <a href=\"https:\/\/moncompte.actu.fr\" title=\"D\u00e9couvez Mon Actu\" rel=\"nofollow noopener\" data-trk=\"{&quot;cta&quot;:{&quot;action&quot;:&quot;https:\\\/\\\/moncompte.actu.fr&quot;,&quot;category&quot;:&quot;mon compte&quot;,&quot;from&quot;:&quot;article footer&quot;,&quot;name&quot;:&quot;Mon actu&quot;,&quot;type&quot;:&quot;cta&quot;}}\" target=\"_blank\">Mon Actu<\/a>.<\/p>\n","protected":false},"excerpt":{"rendered":"Par R\u00e9daction Clisson Publi\u00e9 le 23 juin 2025 \u00e0 8h56 Madeleine Salaud a franchi le cap des 100\u00a0ans.&hellip;\n","protected":false},"author":2,"featured_media":199638,"comment_status":"","ping_status":"","sticky":false,"template":"","format":"standard","meta":{"footnotes":""},"categories":[2818],"tags":[1111,11,12216,1777,674,1011,27,766,12,2636,25,104,2900],"class_list":{"0":"post-199637","1":"post","2":"type-post","3":"status-publish","4":"format-standard","5":"has-post-thumbnail","7":"category-nantes","8":"tag-actu","9":"tag-actualites","10":"tag-ehpad","11":"tag-eu","12":"tag-europe","13":"tag-fr","14":"tag-france","15":"tag-nantes","16":"tag-news","17":"tag-pays-de-la-loire","18":"tag-republique-francaise","19":"tag-societe","20":"tag-vignoble-nantais"},"share_on_mastodon":{"url":"https:\/\/pubeurope.com\/@fr\/114735942528339340","error":""},"_links":{"self":[{"href":"https:\/\/www.europesays.com\/fr\/wp-json\/wp\/v2\/posts\/199637","targetHints":{"allow":["GET"]}}],"collection":[{"href":"https:\/\/www.europesays.com\/fr\/wp-json\/wp\/v2\/posts"}],"about":[{"href":"https:\/\/www.europesays.com\/fr\/wp-json\/wp\/v2\/types\/post"}],"author":[{"embeddable":true,"href":"https:\/\/www.europesays.com\/fr\/wp-json\/wp\/v2\/users\/2"}],"replies":[{"embeddable":true,"href":"https:\/\/www.europesays.com\/fr\/wp-json\/wp\/v2\/comments?post=199637"}],"version-history":[{"count":0,"href":"https:\/\/www.europesays.com\/fr\/wp-json\/wp\/v2\/posts\/199637\/revisions"}],"wp:featuredmedia":[{"embeddable":true,"href":"https:\/\/www.europesays.com\/fr\/wp-json\/wp\/v2\/media\/199638"}],"wp:attachment":[{"href":"https:\/\/www.europesays.com\/fr\/wp-json\/wp\/v2\/media?parent=199637"}],"wp:term":[{"taxonomy":"category","embeddable":true,"href":"https:\/\/www.europesays.com\/fr\/wp-json\/wp\/v2\/categories?post=199637"},{"taxonomy":"post_tag","embeddable":true,"href":"https:\/\/www.europesays.com\/fr\/wp-json\/wp\/v2\/tags?post=199637"}],"curies":[{"name":"wp","href":"https:\/\/api.w.org\/{rel}","templated":true}]}}