{"id":199659,"date":"2025-06-24T02:28:15","date_gmt":"2025-06-24T02:28:15","guid":{"rendered":"https:\/\/www.europesays.com\/fr\/199659\/"},"modified":"2025-06-24T02:28:15","modified_gmt":"2025-06-24T02:28:15","slug":"une-dispute-sur-un-balcon-tourne-au-drame-a-la-guillotiere","status":"publish","type":"post","link":"https:\/\/www.europesays.com\/fr\/199659\/","title":{"rendered":"une dispute sur un balcon tourne au drame \u00e0 la\u00a0Guilloti\u00e8re"},"content":{"rendered":"<p itemprop=\"description\"><strong>Un homme d\u2019une cinquantaine d\u2019ann\u00e9es a fait une chute du deuxi\u00e8me \u00e9tage d\u2019un immeuble, mercredi 18 juin, vers midi, dans le quartier de la Guilloti\u00e8re \u00e0 Lyon (7e).<\/strong><\/p>\n<p>La sc\u00e8ne, survenue grande rue de la Guilloti\u00e8re, a \u00e9t\u00e9 pr\u00e9c\u00e9d\u00e9e d\u2019une violente altercation sur un balcon. Les circonstances exactes de la chute ne sont pas connues.<\/p>\n<p>L\u2019homme, gri\u00e8vement bless\u00e9, a \u00e9t\u00e9 hospitalis\u00e9 avec un pronostic vital engag\u00e9, pr\u00e9cise Le Progr\u00e8s. Trois personnes ont \u00e9t\u00e9 interpell\u00e9es dans le cadre de l\u2019enqu\u00eate.<\/p>\n<p>L\u2019une d\u2019elles a \u00e9t\u00e9 remise en libert\u00e9, une autre, en situation irr\u00e9guli\u00e8re, a \u00e9t\u00e9 plac\u00e9e en centre de r\u00e9tention administrative. Le troisi\u00e8me individu a \u00e9t\u00e9 pr\u00e9sent\u00e9 ce dimanche au parquet de Lyon. Une information judiciaire pourrait \u00eatre ouverte.<\/p>\n","protected":false},"excerpt":{"rendered":"Un homme d\u2019une cinquantaine d\u2019ann\u00e9es a fait une chute du deuxi\u00e8me \u00e9tage d\u2019un immeuble, mercredi 18 juin, vers&hellip;\n","protected":false},"author":2,"featured_media":199660,"comment_status":"","ping_status":"","sticky":false,"template":"","format":"standard","meta":{"footnotes":""},"categories":[1889],"tags":[1111,11,2813,2190,2430,1109,251,1112,2811,1777,674,118,1011,27,1922,1110,1114,2428,2810,12,241,316,25,2812,517,800],"class_list":{"0":"post-199659","1":"post","2":"type-post","3":"status-publish","4":"format-standard","5":"has-post-thumbnail","7":"category-lyon","8":"tag-actu","9":"tag-actualites","10":"tag-article","11":"tag-asvel","12":"tag-auvergne-rhone-alpes","13":"tag-breves","14":"tag-culture","15":"tag-depeches","16":"tag-economique","17":"tag-eu","18":"tag-europe","19":"tag-faits-divers","20":"tag-fr","21":"tag-france","22":"tag-info","23":"tag-informations","24":"tag-infos","25":"tag-lyon","26":"tag-lyonmag","27":"tag-news","28":"tag-ol","29":"tag-politique","30":"tag-republique-francaise","31":"tag-sociale","32":"tag-sport","33":"tag-transports"},"share_on_mastodon":{"url":"https:\/\/pubeurope.com\/@fr\/114735985768364459","error":""},"_links":{"self":[{"href":"https:\/\/www.europesays.com\/fr\/wp-json\/wp\/v2\/posts\/199659","targetHints":{"allow":["GET"]}}],"collection":[{"href":"https:\/\/www.europesays.com\/fr\/wp-json\/wp\/v2\/posts"}],"about":[{"href":"https:\/\/www.europesays.com\/fr\/wp-json\/wp\/v2\/types\/post"}],"author":[{"embeddable":true,"href":"https:\/\/www.europesays.com\/fr\/wp-json\/wp\/v2\/users\/2"}],"replies":[{"embeddable":true,"href":"https:\/\/www.europesays.com\/fr\/wp-json\/wp\/v2\/comments?post=199659"}],"version-history":[{"count":0,"href":"https:\/\/www.europesays.com\/fr\/wp-json\/wp\/v2\/posts\/199659\/revisions"}],"wp:featuredmedia":[{"embeddable":true,"href":"https:\/\/www.europesays.com\/fr\/wp-json\/wp\/v2\/media\/199660"}],"wp:attachment":[{"href":"https:\/\/www.europesays.com\/fr\/wp-json\/wp\/v2\/media?parent=199659"}],"wp:term":[{"taxonomy":"category","embeddable":true,"href":"https:\/\/www.europesays.com\/fr\/wp-json\/wp\/v2\/categories?post=199659"},{"taxonomy":"post_tag","embeddable":true,"href":"https:\/\/www.europesays.com\/fr\/wp-json\/wp\/v2\/tags?post=199659"}],"curies":[{"name":"wp","href":"https:\/\/api.w.org\/{rel}","templated":true}]}}