{"id":199681,"date":"2025-06-24T02:42:38","date_gmt":"2025-06-24T02:42:38","guid":{"rendered":"https:\/\/www.europesays.com\/fr\/199681\/"},"modified":"2025-06-24T02:42:38","modified_gmt":"2025-06-24T02:42:38","slug":"en-allemagne-le-suspect-dans-laffaire-maddie-pourrait-etre-libere-de-prison","status":"publish","type":"post","link":"https:\/\/www.europesays.com\/fr\/199681\/","title":{"rendered":"En Allemagne: Le suspect dans l&rsquo;affaire Maddie pourrait \u00eatre lib\u00e9r\u00e9 de prison"},"content":{"rendered":"<p>Publi\u00e923. juin 2025, 21:59<\/p>\n<p>En Allemagne: Le suspect dans l&rsquo;affaire Maddie pourrait \u00eatre lib\u00e9r\u00e9 de prison<\/p>\n<p>En prison pour viol, l&rsquo;homme soup\u00e7onn\u00e9 d\u2019\u00eatre m\u00eal\u00e9 \u00e0 la disparition de la petite Madeleine McCann en 2007 pourrait \u00eatre lib\u00e9r\u00e9 en septembre.<\/p>\n<p>Le principal suspect dans la disparition de Madeleine McCann, un homme emprisonn\u00e9 en Allemagne, pourrait \u00eatre lib\u00e9r\u00e9 d\u00e8s septembre, a indiqu\u00e9 lundi le parquet, en raison du myst\u00e9rieux paiement d\u2019une amende dont il \u00e9tait redevable.<\/p>\n<p>Christian Br\u00fcckner, 48 ans, purge une peine de prison en Allemagne pour le viol d\u2019une Am\u00e9ricaine \u00e2g\u00e9e de 72 ans en 2005 au Portugal. Mais la justice allemande le soup\u00e7onne \u00e9galement d\u2019\u00eatre responsable de la disparition de la fillette britannique Madeleine McCann, en 2007 dans une station baln\u00e9aire du sud du Portugal.<\/p>\n<p>Cependant, n\u2019ayant pas \u00e9t\u00e9 inculp\u00e9 dans cette affaire au retentissement mondial faute d\u2019\u00e9l\u00e9ments \u00e0 charge suffisants, Christian Br\u00fcckner voit sa date de remise en libert\u00e9 se rapprocher.<\/p>\n<p>Versement fait \u00abpar erreur\u00bb<\/p>\n<p>\u00ab\u00c0 l\u2019heure actuelle, sa lib\u00e9ration est pr\u00e9vue pour le 17 septembre\u00bb, a d\u00e9clar\u00e9 le porte-parole du procureur de Brunswick. Ce calendrier s\u2019est acc\u00e9l\u00e9r\u00e9, a-t-il expliqu\u00e9, car quelqu\u2019un s\u2019est acquitt\u00e9 pour lui d\u2019une peine d\u2019amende \u00e0 laquelle il avait \u00e9t\u00e9 condamn\u00e9 dans une autre affaire judiciaire. Sans ce coup de pouce, sa date de remise en libert\u00e9 \u00e9tait fix\u00e9e au 6 janvier 2026.<\/p>\n<p>\u00abSi quelqu\u2019un a fait (ndlr: ce paiement) par erreur, il peut naturellement nous le signaler. Nous examinerons la situation et nous pouvons l\u2019annuler\u00bb, a insist\u00e9 le porte-parole du parquet.<\/p>\n<p>Vendredi, l\u2019hebdomadaire allemand \u00abDer Spiegel\u00bb a affirm\u00e9 que le paiement \u00e9manait d\u2019une ex-fonctionnaire de la police criminelle allemande. Selon le journal, cette derni\u00e8re, qui disait n\u2019avoir jamais rencontr\u00e9 Christian Br\u00fcckner, clame l\u2019avoir fait par erreur.<\/p>\n<p>Nouvelles fouilles men\u00e9es au Portugal<\/p>\n<p>Au moment de la disparition de Maddie, \u00e0 l\u2019\u00e2ge de 3 ans, alors qu\u2019elle passait des vacances avec ses parents au Portugal, Christian Br\u00fcckner vivait non loin de l\u00e0 sur la c\u00f4te portugaise de l\u2019Algarve, et un t\u00e9l\u00e9phone portable \u00e0 son nom a born\u00e9 pr\u00e8s du logement des McCann le soir de la disparition.<\/p>\n<p>Cet homme au lourd pass\u00e9 judiciaire, mis en cause dans de multiples affaires de violences et de crimes sexuels, a \u00e9t\u00e9 acquitt\u00e9 en octobre 2024 en Allemagne dans un proc\u00e8s pour deux agressions sexuelles et trois viols commis entre 2000 et 2017, encore au Portugal.<\/p>\n<p>D\u00e9but juin, une nouvelle campagne de fouilles dirig\u00e9e par les enqu\u00eateurs allemands s\u2019est d\u00e9roul\u00e9e pr\u00e8s du lieu de la disparition de Maddie au Portugal, sans qu\u2019aucun r\u00e9sultat n\u2019ait \u00e9t\u00e9 divulgu\u00e9.<\/p>\n<p>Tu nous suis d\u00e9j\u00e0 sur WhatsApp?<\/p>\n<p>Abonne-toi \u00e0 notre cha\u00eene, active la petite \ud83d\udd14 et tu recevras un <strong>r\u00e9cap de l&rsquo;actu<\/strong> chaque jour en <strong>d\u00e9but de soir\u00e9e<\/strong>.<\/p>\n<p>(afp\/th)<\/p>\n","protected":false},"excerpt":{"rendered":"Publi\u00e923. juin 2025, 21:59 En Allemagne: Le suspect dans l&rsquo;affaire Maddie pourrait \u00eatre lib\u00e9r\u00e9 de prison En prison&hellip;\n","protected":false},"author":2,"featured_media":199682,"comment_status":"","ping_status":"","sticky":false,"template":"","format":"standard","meta":{"footnotes":""},"categories":[1587],"tags":[11,672,1804,1805,1803,1777,674,1801,12,1802],"class_list":{"0":"post-199681","1":"post","2":"type-post","3":"status-publish","4":"format-standard","5":"has-post-thumbnail","7":"category-allemagne","8":"tag-actualites","9":"tag-allemagne","10":"tag-bundesrepublik-deutschland","11":"tag-de","12":"tag-deutschland","13":"tag-eu","14":"tag-europe","15":"tag-germany","16":"tag-news","17":"tag-republique-federale-dallemagne"},"share_on_mastodon":{"url":"","error":""},"_links":{"self":[{"href":"https:\/\/www.europesays.com\/fr\/wp-json\/wp\/v2\/posts\/199681","targetHints":{"allow":["GET"]}}],"collection":[{"href":"https:\/\/www.europesays.com\/fr\/wp-json\/wp\/v2\/posts"}],"about":[{"href":"https:\/\/www.europesays.com\/fr\/wp-json\/wp\/v2\/types\/post"}],"author":[{"embeddable":true,"href":"https:\/\/www.europesays.com\/fr\/wp-json\/wp\/v2\/users\/2"}],"replies":[{"embeddable":true,"href":"https:\/\/www.europesays.com\/fr\/wp-json\/wp\/v2\/comments?post=199681"}],"version-history":[{"count":0,"href":"https:\/\/www.europesays.com\/fr\/wp-json\/wp\/v2\/posts\/199681\/revisions"}],"wp:featuredmedia":[{"embeddable":true,"href":"https:\/\/www.europesays.com\/fr\/wp-json\/wp\/v2\/media\/199682"}],"wp:attachment":[{"href":"https:\/\/www.europesays.com\/fr\/wp-json\/wp\/v2\/media?parent=199681"}],"wp:term":[{"taxonomy":"category","embeddable":true,"href":"https:\/\/www.europesays.com\/fr\/wp-json\/wp\/v2\/categories?post=199681"},{"taxonomy":"post_tag","embeddable":true,"href":"https:\/\/www.europesays.com\/fr\/wp-json\/wp\/v2\/tags?post=199681"}],"curies":[{"name":"wp","href":"https:\/\/api.w.org\/{rel}","templated":true}]}}