{"id":199687,"date":"2025-06-24T02:45:13","date_gmt":"2025-06-24T02:45:13","guid":{"rendered":"https:\/\/www.europesays.com\/fr\/199687\/"},"modified":"2025-06-24T02:45:13","modified_gmt":"2025-06-24T02:45:13","slug":"sm-caen-quels-joueurs-seront-presents-a-la-reprise-de-lentrainement","status":"publish","type":"post","link":"https:\/\/www.europesays.com\/fr\/199687\/","title":{"rendered":"SM Caen. Quels joueurs seront pr\u00e9sents \u00e0 la reprise de l&rsquo;entra\u00eenement\u00a0?"},"content":{"rendered":"<p>            Par<br \/>\n        <strong><br \/>\n            <a href=\"https:\/\/actu.fr\/auteur\/alexandre-gourlaouen\" title=\"Consulter tous les articles de Alexandre Gourlaouen\" target=\"_blank\" rel=\"noopener\">Alexandre Gourlaouen<\/a><br \/>\n        <\/strong><\/p>\n<p>        Publi\u00e9 le<\/p>\n<p>            23 juin 2025 \u00e0 17h23        <\/p>\n<p>Il y a un an, les supporters <b>avaient vite d\u00e9chant\u00e9<\/b> durant la pr\u00e9paration du <a href=\"https:\/\/actu.fr\/tag\/stade-malherbe-de-caen\" target=\"_blank\" rel=\"noopener\">Stade Malherbe Caen<\/a>. D\u00e9faites en cascades, <b>mercato au point mort\u2026<\/b> l\u2019ambiance \u00e9tait \u00e9trange aux environs des terrains de Venoix. <b>Hors de question de commettre les m\u00eames erreurs.<\/b> Ce lundi 23 juin 2025, alors qu\u2019il dirigera sa premi\u00e8re s\u00e9ance dans quelques jours, Maxime d\u2019Ornano n\u2019y a pas \u00e9t\u00e9 par quatre chemins : <b>il faut bien se pr\u00e9parer. <\/b>Oui, mais avec quel groupe ?<\/p>\n<p>Quels joueurs pr\u00e9sents \u00e0 la reprise ?<\/p>\n<p class=\" wall-content\">Sur le terrain, il y aura <b>les pr\u00e9sences des recrues estivales.<\/b> Vinicius Gomes, Ronny Labonne, Adama Diakit\u00e9, Maxime Etuin et Leandro Morante seront tous pr\u00e9sents et <b>chercheront \u00e0 se pr\u00e9parer au mieux pour porter les couleurs du SM Caen.<\/b><\/p>\n<p class=\" wall-content\">D\u2019autres recrues sont-elles \u00e0 attendre d\u2019ici \u00e0 samedi ? \u00ab\u00a0Peut-\u00eatre\u00a0\u00bb, a r\u00e9pondu malicieusement <a href=\"https:\/\/actu.fr\/normandie\/caen_14118\/sm-caen-voir-son-nom-partout-sur-le-stade-ca-fait-bizarre-samuse-maxime-dornano-le-nouveau-coach_62812119.html\" target=\"_blank\" rel=\"noopener\">Maxime d\u2019Ornano<\/a>, l\u2019entra\u00eeneur malherbiste \u00e9troitement associ\u00e9 au recrutement avec le directeur sportif Reda Hammache.<\/p>\n<p class=\" wall-content\">\u00c0 leurs c\u00f4t\u00e9s, il y aura aussi les n\u00e9o-professionnels Gabin Tom\u00e9 et L\u00e9o Milliner. <b>Eux aussi font partie int\u00e9grante du projet malherbiste.<\/b><\/p>\n<p class=\" wall-content\">En revanche, Maxime d\u2019Ornano devra aussi faire avec un groupe de joueurs, <b>dont le nombre n\u2019est pas n\u00e9gligeable<\/b>, qui sont tous plus ou moins sur le d\u00e9part. Des joueurs comme Alexandre Mendy, Anthony Mandrea ou encore <a href=\"https:\/\/actu.fr\/normandie\/caen_14118\/sm-caen-didi-gaucho-candidat-au-depart-negociations-ardues-en-vue_62730136.html\" target=\"_blank\" rel=\"noopener\">Didi Gaucho<\/a>. Que ce soit pour des raisons financi\u00e8res et\/ou parce que leur ambition est de jouer ailleurs qu\u2019en National, ils ne devraient pas \u00eatre conserv\u00e9s par le club,<b> mais seront bien pr\u00e9sents \u00e0 la reprise.<\/b>\u00a0Il y aura aussi les autres joueurs encore sous contrat et qui devraient \u00eatre conserv\u00e9s par le club : Parfait Mandanda, Diab\u00e9 Bolumbu ou encore Yannis Cl\u00e9mentia.\u00a0<\/p>\n<p>Vid\u00e9os : en ce moment sur ActuUne pr\u00e9paration \u00e0 bien n\u00e9gocier avant les choses s\u00e9rieuses<\/p>\n<p class=\" wall-content\">Durant les semaines \u00e0 venir, le SM Caen disputera <a href=\"https:\/\/actu.fr\/normandie\/caen_14118\/sm-caen-cinq-matches-un-stage-en-bretagne-le-stade-malherbe-devoile-son-programme-de-preparation_62793634.html\" target=\"_blank\" rel=\"noopener\">cinq matchs amicaux<\/a> avant <b>la reprise officielle du championnat de National vendredi 8 ao\u00fbt 2025.<\/b> Face \u00e0 une \u00e9quipe de Ligue 1 (Angers), une de Ligue 2 (Le Mans) et trois de National (QRM, Paris 13 Atletico et Concarneau), Maxime d\u2019Ornano estime qu\u2019il est <b>important de r\u00e9pondre imm\u00e9diatement pr\u00e9sent.<\/b> \u00ab\u00a0La pr\u00e9paration permet de poser les fondations de la saison qui va suivre, explique-t-il. On veut bien d\u00e9marrer. Le championnat sera dur.\u00a0\u00bb<\/p>\n<p class=\" wall-content\">Pour le moment, <b>hors de question de fixer un objectif pr\u00e9cis \u00e0 long terme.<\/b> La priorit\u00e9 du technicien caennais est de prendre un bon d\u00e9part. Y compris <b>pour s\u00e9duire un public qui a bien souffert ces derniers mois.<\/b><\/p>\n<blockquote class=\"ac-article-quote wall-content\">\n<p>On veut emmener les gens avec nous. On sait qu\u2019on sera plus fort avec le public. Pour cela, il y aura les r\u00e9sultats, oui, mais aussi ce qu\u2019on montre sur le terrain. Il faudra mouiller le maillot.<\/p>\n<p>Maxime d\u2019Ornano<\/p><\/blockquote>\n<p class=\" wall-content\">Avec le retour des joueurs \u00e0 l\u2019entra\u00eenement, le nouveau chapitre du SM Caen s\u2019ouvre avec de grands espoirs. <b>Mais aussi de gros d\u00e9fis.<\/b><\/p>\n<p class=\" wall-content\">Suivez toute l\u2019actualit\u00e9 de vos villes et m\u00e9dias favoris en vous inscrivant \u00e0 <a href=\"https:\/\/moncompte.actu.fr\" title=\"D\u00e9couvez Mon Actu\" rel=\"nofollow noopener\" data-trk=\"{&quot;cta&quot;:{&quot;action&quot;:&quot;https:\\\/\\\/moncompte.actu.fr&quot;,&quot;category&quot;:&quot;mon compte&quot;,&quot;from&quot;:&quot;article footer&quot;,&quot;name&quot;:&quot;Mon actu&quot;,&quot;type&quot;:&quot;cta&quot;}}\" target=\"_blank\">Mon Actu<\/a>.<\/p>\n","protected":false},"excerpt":{"rendered":"Par Alexandre Gourlaouen Publi\u00e9 le 23 juin 2025 \u00e0 17h23 Il y a un an, les supporters avaient&hellip;\n","protected":false},"author":2,"featured_media":199688,"comment_status":"","ping_status":"","sticky":false,"template":"","format":"standard","meta":{"footnotes":""},"categories":[2],"tags":[11,63,1011,27,12,25,1745,60,266,1746],"class_list":{"0":"post-199687","1":"post","2":"type-post","3":"status-publish","4":"format-standard","5":"has-post-thumbnail","7":"category-actualites","8":"tag-actualites","9":"tag-football","10":"tag-fr","11":"tag-france","12":"tag-news","13":"tag-republique-francaise","14":"tag-sport-caen","15":"tag-sports","16":"tag-stade-malherbe-de-caen","17":"tag-stade-michel-dornano"},"share_on_mastodon":{"url":"","error":""},"_links":{"self":[{"href":"https:\/\/www.europesays.com\/fr\/wp-json\/wp\/v2\/posts\/199687","targetHints":{"allow":["GET"]}}],"collection":[{"href":"https:\/\/www.europesays.com\/fr\/wp-json\/wp\/v2\/posts"}],"about":[{"href":"https:\/\/www.europesays.com\/fr\/wp-json\/wp\/v2\/types\/post"}],"author":[{"embeddable":true,"href":"https:\/\/www.europesays.com\/fr\/wp-json\/wp\/v2\/users\/2"}],"replies":[{"embeddable":true,"href":"https:\/\/www.europesays.com\/fr\/wp-json\/wp\/v2\/comments?post=199687"}],"version-history":[{"count":0,"href":"https:\/\/www.europesays.com\/fr\/wp-json\/wp\/v2\/posts\/199687\/revisions"}],"wp:featuredmedia":[{"embeddable":true,"href":"https:\/\/www.europesays.com\/fr\/wp-json\/wp\/v2\/media\/199688"}],"wp:attachment":[{"href":"https:\/\/www.europesays.com\/fr\/wp-json\/wp\/v2\/media?parent=199687"}],"wp:term":[{"taxonomy":"category","embeddable":true,"href":"https:\/\/www.europesays.com\/fr\/wp-json\/wp\/v2\/categories?post=199687"},{"taxonomy":"post_tag","embeddable":true,"href":"https:\/\/www.europesays.com\/fr\/wp-json\/wp\/v2\/tags?post=199687"}],"curies":[{"name":"wp","href":"https:\/\/api.w.org\/{rel}","templated":true}]}}