{"id":199695,"date":"2025-06-24T02:53:10","date_gmt":"2025-06-24T02:53:10","guid":{"rendered":"https:\/\/www.europesays.com\/fr\/199695\/"},"modified":"2025-06-24T02:53:10","modified_gmt":"2025-06-24T02:53:10","slug":"motogp-2025-arrivee-de-liberty-media-dream","status":"publish","type":"post","link":"https:\/\/www.europesays.com\/fr\/199695\/","title":{"rendered":"MotoGP 2025 : Arriv\u00e9e de Liberty Media.Dream?"},"content":{"rendered":"<p>C&rsquo;est s\u00fbr que quand je vois qu&rsquo;un Keanu Reeves est dans un stand et qu&rsquo;il est \u00e0 peine nomm\u00e9 par les commentateurs (qui ont autre chose \u00e0 faire c&rsquo;est vrai mais le direct c&rsquo;est un vrai m\u00e9tier&#8230;) c&rsquo;est une erreur. On doit faire mousser ses people&#8230; Mais il y plus grave, chaque TV qui paie des droits a un journaliste dans les stands avec une cam\u00e9ra HF, on voit donc ses invit\u00e9s, une image est un \u00e9norme plus, surtout en TV, c&rsquo;est banal mais Dorna ne l&rsquo;a pas encore pig\u00e9 pour son envoy\u00e9 sp\u00e9cial dans les stands, au demeurant excellent. Quand il fait parler un Dall&rsquo;Igna, j&rsquo;ai envie de voir Dall&rsquo;Igna. C&rsquo;est simple&#8230; La technique est plus compliqu\u00e9e mais \u00e0 peine&#8230; Cette voix off c&rsquo;est insupportable. Ensuite, la F1 c&rsquo;est de la bagnole chers amis, c&rsquo;est un march\u00e9 de quasiment 3500 milliards de dollars par an. Quasiment trente fois plus que la moto ! Alors forc\u00e9ment, les investissements, la pub, la promo, le sport c&rsquo;est beaucoup plus important dans la bagnole ! C\u00f4t\u00e9 r\u00eave je ne sais pas, la machine \u00e0 les compter n&rsquo;existe pas et heureusement sinon on verrait des dirigeant qui puent vraiment s&rsquo;en emparer, le r\u00eave est la derni\u00e8re des libert\u00e9s&#8230; Mais si je suis s\u00fbr qu&rsquo;il y a des id\u00e9es marketing nouvelles chez Liberty, je ne suis pas certain que l&rsquo;on atteigne les sommets de popularit\u00e9 de la F1 ! Cela dit, Dorna \u00e7a sentait un peu le ranci, une sorte de famille bourgeoise tr\u00e8s attach\u00e9e \u00e0 ce que rien ne change sauf sur les b\u00e9nefs financiers. Welcome les nouveaux venus, certes le fait d&rsquo;\u00eatre am\u00e9ricain en ce moment \u00e7a craint un peu mais \u00e7a changera !<\/p>\n","protected":false},"excerpt":{"rendered":"C&rsquo;est s\u00fbr que quand je vois qu&rsquo;un Keanu Reeves est dans un stand et qu&rsquo;il est \u00e0 peine&hellip;\n","protected":false},"author":2,"featured_media":199696,"comment_status":"","ping_status":"","sticky":false,"template":"","format":"standard","meta":{"footnotes":""},"categories":[1413],"tags":[17,1011,27,33912,33911,1457,1456,1458,60],"class_list":{"0":"post-199695","1":"post","2":"type-post","3":"status-publish","4":"format-standard","5":"has-post-thumbnail","7":"category-moto","8":"tag-17","9":"tag-fr","10":"tag-france","11":"tag-juillet-2025","12":"tag-liberty","13":"tag-moto","14":"tag-motocycle","15":"tag-motogp","16":"tag-sports"},"share_on_mastodon":{"url":"","error":""},"_links":{"self":[{"href":"https:\/\/www.europesays.com\/fr\/wp-json\/wp\/v2\/posts\/199695","targetHints":{"allow":["GET"]}}],"collection":[{"href":"https:\/\/www.europesays.com\/fr\/wp-json\/wp\/v2\/posts"}],"about":[{"href":"https:\/\/www.europesays.com\/fr\/wp-json\/wp\/v2\/types\/post"}],"author":[{"embeddable":true,"href":"https:\/\/www.europesays.com\/fr\/wp-json\/wp\/v2\/users\/2"}],"replies":[{"embeddable":true,"href":"https:\/\/www.europesays.com\/fr\/wp-json\/wp\/v2\/comments?post=199695"}],"version-history":[{"count":0,"href":"https:\/\/www.europesays.com\/fr\/wp-json\/wp\/v2\/posts\/199695\/revisions"}],"wp:featuredmedia":[{"embeddable":true,"href":"https:\/\/www.europesays.com\/fr\/wp-json\/wp\/v2\/media\/199696"}],"wp:attachment":[{"href":"https:\/\/www.europesays.com\/fr\/wp-json\/wp\/v2\/media?parent=199695"}],"wp:term":[{"taxonomy":"category","embeddable":true,"href":"https:\/\/www.europesays.com\/fr\/wp-json\/wp\/v2\/categories?post=199695"},{"taxonomy":"post_tag","embeddable":true,"href":"https:\/\/www.europesays.com\/fr\/wp-json\/wp\/v2\/tags?post=199695"}],"curies":[{"name":"wp","href":"https:\/\/api.w.org\/{rel}","templated":true}]}}